{"id":137330,"date":"2020-04-21T09:55:02","date_gmt":"2020-04-21T06:55:02","guid":{"rendered":"http:\/\/sana.sy\/es\/?p=137330"},"modified":"2023-01-10T15:34:40","modified_gmt":"2023-01-10T13:34:40","slug":"siria-en-sintesis-21-de-abril-2020","status":"publish","type":"post","link":"https:\/\/archive.sana.sy\/es\/?p=137330","title":{"rendered":"Siria en S\u00edntesis, 21 de abril 2020"},"content":{"rendered":"<p><strong><span style=\"color: #800000;\">Damasco, SANA<\/span><\/strong><\/p>\n<p>A continuaci\u00f3n, les ofrecemos los titulares de las principales noticias difundidas por nuestra agencia en las \u00faltimas 24 horas:<\/p>\n<p><span class=\"_5mfr\"><span class=\"_6qdm\">????<\/span><\/span>\u00a0Presidente Al-Assad recibe al canciller iran\u00ed y asegura que la crisis del Coronavirus revel\u00f3 el fracaso de los reg\u00edmenes de Occidente.<\/p>\n<div class=\"text_exposed_show\">\n<p><span class=\"_5mfr\"><span class=\"_6qdm\">????<\/span><\/span>\u00a0Cancilleres al-Moallem y Zarif repasan las v\u00edas de hacer frente a los efectos de la propagaci\u00f3n de la Covid-19.<\/p>\n<p><span class=\"_5mfr\"><span class=\"_6qdm\">????<\/span><\/span>\u00a0Sanciones impuestas a Siria obstaculizan su lucha contra la Covid-19, denuncia Damasco en una carta a Bachelet.<\/p>\n<p><span class=\"_5mfr\"><span class=\"_6qdm\">????<\/span><\/span>\u00a0Atacan desconocidos a un veh\u00edculo de las fuerzas de ocupaci\u00f3n estadounidenses en Siria.<\/p>\n<p><span class=\"_5mfr\"><span class=\"_6qdm\">????<\/span><\/span>\u00a0Incautan armas de fabricaci\u00f3n estadounidense en provincias de Damasco y Quneitra.<\/p>\n<p><span class=\"_5mfr\"><span class=\"_6qdm\">????<\/span><\/span>\u00a0Defensas antia\u00e9reas repelen una agresi\u00f3n israel\u00ed con misiles cerca de Palmira.<\/p>\n<p><span class=\"_5mfr\"><span class=\"_6qdm\">????<\/span><\/span>\u00a0Turqu\u00eda ingresa armas y equipos log\u00edsticos a las zonas que ocupa en el nordeste de Siria.<\/p>\n<p><span class=\"_5mfr\"><span class=\"_6qdm\">????<\/span><\/span>\u00a0Catedral de Mar\u00eda en Damasco acoge la Santa Misa del lunes de la Octava de Pascua.<\/p>\n<p><span class=\"_5mfr\"><span class=\"_6qdm\">????<\/span><\/span>\u00a0Gobierno exige \u00f3ptima aplicaci\u00f3n de las medidas de lucha contra propagaci\u00f3n de la Covid-19.<\/p>\n<p><span class=\"_5mfr\"><span class=\"_6qdm\">????<\/span><\/span>\u00a0Inauguran en Alepo una l\u00ednea productiva con capacidad de 100 mascarillas por minuto<\/p>\n<p><span class=\"_5mfr\"><span class=\"_6qdm\">????<\/span><\/span>\u00a0Nueva unidad de confecciones en Latakia garantiza 100 oportunidades de trabajo.<\/p>\n<p><span class=\"_5mfr\"><span class=\"_6qdm\">????<\/span><\/span>\u00a0Facultad de Bellas Artes en Sweida lanza campa\u00f1a de concientizaci\u00f3n para enfrentar la Covid-19.<\/p>\n<p><span class=\"_5mfr\"><span class=\"_6qdm\">????<\/span><\/span>\u00a0Ex ministro turco llama a levantar medidas coercitivas aplicadas contra Siria<\/p>\n<p><span class=\"_5mfr\"><span class=\"_6qdm\">????<\/span><\/span>\u00a0Aviaci\u00f3n israel\u00ed comete nueva violaci\u00f3n del espacio a\u00e9reo liban\u00e9s.<\/p>\n<p>Actual\u00edzate m\u00e1s:<br \/>\n<span class=\"_5mfr\"><span class=\"_6qdm\">????<\/span><\/span><a href=\"https:\/\/t.me\/AgenciasiriaSANA?fbclid=IwAR01hOEeyiRw6JTlZUbss5-8-jRIxJRkeLwZdfnEuKElyNHgH9lqvWS5uSA\" target=\"_blank\" rel=\"noopener nofollow noreferrer\" data-ft=\"{&quot;tn&quot;:&quot;-U&quot;}\" data-lynx-mode=\"async\" data-lynx-uri=\"https:\/\/l.facebook.com\/l.php?u=https%3A%2F%2Ft.me%2FAgenciasiriaSANA%3Ffbclid%3DIwAR01hOEeyiRw6JTlZUbss5-8-jRIxJRkeLwZdfnEuKElyNHgH9lqvWS5uSA&amp;h=AT2QQR5dvKzyvKxEDDtsiBiF8rY3Ca7rl_t7Wny4NO54kUZ3E1Q2A2o7kelLQBAXiUlVWyLsKf5DZTctsfKdeA5qb659Rq_g3IbtLgpEzxicTAjV7qbOuUgZxG_VIQLjLrzB0pcMXNZQqezWGeOuNwH9L43qeyjK2RrkLg_hlQfIWz4pRqQWamjc0FLqFxIZMBJQxnr0ovnh0DPKIxXbWP1hAU5JWDCkp5o4dStQiSUl6GF4wBxqdT1lJOOm7J7FYWIJGMff0xO0iX9LwNIG_aL2R0mDwKNuw4OQsJbGzGOYEP-GU4NzZil7-Zd5EcpcZ1rz1dDjaZTyxMsPUnZAU_e3OaUnrDtz0BNtmoSu9u0B_xDeZZ6LhZ5NRsv7cC1zOXigpdnJS55oTOf1ccyYx0fRTWgZ_4-Rzrjln62geoE4LVdr5jIsIVZZGqioQst9xIzidcm8Xq2o3LUnxHiBrKkyROEMYUXFoSYMXKQF0LRrAxIYH_HDBBXbDYtY0rlUGl05igtYQVAmso4Gy8Ogg5w87416DZhgAAphd0S45C-hNff_r1C-7SzyRZ-PUnuDi6kH1NB0xRoa_JdP539WJosSvarSAReqO7xiFf6ngx0\">https:\/\/t.me\/AgenciasiriaSANA<\/a><br \/>\n<span class=\"_5mfr\"><span class=\"_6qdm\">????<\/span><\/span><a href=\"https:\/\/twitter.com\/SanaAgencia?fbclid=IwAR1uTmjGToMShBmL4ntM8EDzDuiXNm9b2hGPtTpAW_1jV38M-z2U8NBlJ0o\" target=\"_blank\" rel=\"noopener nofollow noreferrer\" data-ft=\"{&quot;tn&quot;:&quot;-U&quot;}\" data-lynx-mode=\"async\" data-lynx-uri=\"https:\/\/l.facebook.com\/l.php?u=https%3A%2F%2Ftwitter.com%2FSanaAgencia%3Ffbclid%3DIwAR1uTmjGToMShBmL4ntM8EDzDuiXNm9b2hGPtTpAW_1jV38M-z2U8NBlJ0o&amp;h=AT18vuAmUSYex9x6f_Xu9qeNg66DUlDfqV9MWR60PyyFnMVmbUfiuxvtmPSa7eoEwVwsK3XIj3HfEhfmq93d6c4UfWKJiY4_wljQjDCtywBruoTxS7b2rQRwlmeEmb0l56HNurIsj2dsMGkuLB5A4NZIU1SSPJQ6WlcXNyLLch9KrKX5Zu2P7F4lAI3REhFcsIynsENOfq_ysr83dla27154FePCHfTAfjmZvqoCWMJ-VKqpufm-MeysYjPxJ0t2hG5u79-Ed3HPgfzjg9laPE0nbgfiRKx5m3DHd3EjtYeYIX7llJMtbG4VYfXVi6TJpdwaAGxLrrtJ-xwdrKflMeVenI3GJq5nSyTtm6NRTEbNEDXtnp0t0ybjZBmTFlO5OmFfWr5_Qhpk1ZMG4sUnsW1RD_F9SVrzM4QJwD2LkttDNwPalK2rgQ-IAG5jdwV6D6vhaE9D3_XY9h0p9-zUX6eJd9PIv5kcujGbl1-lIYnHgrG0uEpFUdIPgKubdhWkkxAyqY4jInoCUG9fY4BNhBnTZjBE20E9VlzTGsN_N-Btoj1XcggQG1nXbwd_a3EWvVUoSjl5Hu2uf7gHHmF8YZVM3TYBFpvKd1CtrkPBhOA\">https:\/\/twitter.com\/SanaAgencia<\/a><\/p>\n<\/div>\n","protected":false},"excerpt":{"rendered":"<p>Damasco, SANA A continuaci\u00f3n, les ofrecemos los titulares de las principales noticias difundidas por nuestra agencia en las \u00faltimas 24 horas: ????\u00a0Presidente Al-Assad recibe al canciller iran\u00ed y asegura que la crisis del Coronavirus revel\u00f3 el fracaso de los reg\u00edmenes de Occidente. ????\u00a0Cancilleres al-Moallem y Zarif repasan las v\u00edas de hacer frente a los efectos &hellip;<\/p>\n","protected":false},"author":34,"featured_media":137249,"comment_status":"closed","ping_status":"closed","sticky":false,"template":"","format":"standard","meta":{"footnotes":""},"categories":[447,555,485],"tags":[],"class_list":["post-137330","post","type-post","status-publish","format-standard","has-post-thumbnail","","category-local-politica","category-prensa","category-informes-negocios-y-finanzas"],"_links":{"self":[{"href":"https:\/\/archive.sana.sy\/es\/index.php?rest_route=\/wp\/v2\/posts\/137330"}],"collection":[{"href":"https:\/\/archive.sana.sy\/es\/index.php?rest_route=\/wp\/v2\/posts"}],"about":[{"href":"https:\/\/archive.sana.sy\/es\/index.php?rest_route=\/wp\/v2\/types\/post"}],"author":[{"embeddable":true,"href":"https:\/\/archive.sana.sy\/es\/index.php?rest_route=\/wp\/v2\/users\/34"}],"replies":[{"embeddable":true,"href":"https:\/\/archive.sana.sy\/es\/index.php?rest_route=%2Fwp%2Fv2%2Fcomments&post=137330"}],"version-history":[{"count":0,"href":"https:\/\/archive.sana.sy\/es\/index.php?rest_route=\/wp\/v2\/posts\/137330\/revisions"}],"wp:featuredmedia":[{"embeddable":true,"href":"https:\/\/archive.sana.sy\/es\/index.php?rest_route=\/wp\/v2\/media\/137249"}],"wp:attachment":[{"href":"https:\/\/archive.sana.sy\/es\/index.php?rest_route=%2Fwp%2Fv2%2Fmedia&parent=137330"}],"wp:term":[{"taxonomy":"category","embeddable":true,"href":"https:\/\/archive.sana.sy\/es\/index.php?rest_route=%2Fwp%2Fv2%2Fcategories&post=137330"},{"taxonomy":"post_tag","embeddable":true,"href":"https:\/\/archive.sana.sy\/es\/index.php?rest_route=%2Fwp%2Fv2%2Ftags&post=137330"}],"curies":[{"name":"wp","href":"https:\/\/api.w.org\/{rel}","templated":true}]}}