{"id":137349,"date":"2020-04-21T12:11:57","date_gmt":"2020-04-21T09:11:57","guid":{"rendered":"http:\/\/sana.sy\/es\/?p=137349"},"modified":"2023-01-10T14:33:19","modified_gmt":"2023-01-10T12:33:19","slug":"muere-un-civil-en-explosion-de-una-mina-dejada-por-terroristas-en-provincia-de-hama","status":"publish","type":"post","link":"https:\/\/archive.sana.sy\/es\/?p=137349","title":{"rendered":"Muere un civil en explosi\u00f3n de una mina dejada por terroristas en provincia de Hama"},"content":{"rendered":"<p style=\"text-align: justify;\"><span style=\"color: #800000;\"><strong>Hama, SANA<\/strong><\/span><\/p>\n<p style=\"text-align: justify;\">Un civil perdi\u00f3 la vida hoy por la explosi\u00f3n de una mina dejada por las organizaciones terroristas, en las cercan\u00edas de la ciudad de Mork, en el campo del norte de la provincia de Hama, 209 km al norte de la capital Damasco.<\/p>\n<p style=\"text-align: justify;\">Seg\u00fan report\u00f3 el corresponsal de SANA la v\u00edctima es un joven y el artefacto explosivo estall\u00f3 mientras araba su tierra agr\u00edcola.<\/p>\n<p style=\"text-align: justify;\">El d\u00eda 13 del mes en curso, un civil muri\u00f3 y otros cinco resultaron heridos en la explosi\u00f3n de dos minas remanentes de terroristas en Hama.<\/p>\n<p style=\"text-align: justify;\">Las organizaciones hostiles que operan por orden de la ocupaci\u00f3n turca colocaron cientos de minas y artefactos explosivos en los terrenos agr\u00edcolas y por las carreteras que conectan las localidades de la campi\u00f1a de Hasakeh, provocando la muerte de varios civiles y da\u00f1os materiales en las propiedades p\u00fablicas y privadas.<\/p>\n<p style=\"text-align: justify;\"><span style=\"color: #0000ff;\"><strong>F.M<\/strong><\/span><\/p>\n","protected":false},"excerpt":{"rendered":"<p>Hama, SANA Un civil perdi\u00f3 la vida hoy por la explosi\u00f3n de una mina dejada por las organizaciones terroristas, en las cercan\u00edas de la ciudad de Mork, en el campo del norte de la provincia de Hama, 209 km al norte de la capital Damasco. Seg\u00fan report\u00f3 el corresponsal de SANA la v\u00edctima es un &hellip;<\/p>\n","protected":false},"author":34,"featured_media":137152,"comment_status":"closed","ping_status":"closed","sticky":false,"template":"","format":"standard","meta":{"footnotes":""},"categories":[447,597,573,7541],"tags":[],"class_list":["post-137349","post","type-post","status-publish","format-standard","has-post-thumbnail","","category-local-politica","category-cinta-de-noticias","category-la-realidad-de-los-acontecimientos-en-siria","category-ultimas-noticias"],"_links":{"self":[{"href":"https:\/\/archive.sana.sy\/es\/index.php?rest_route=\/wp\/v2\/posts\/137349"}],"collection":[{"href":"https:\/\/archive.sana.sy\/es\/index.php?rest_route=\/wp\/v2\/posts"}],"about":[{"href":"https:\/\/archive.sana.sy\/es\/index.php?rest_route=\/wp\/v2\/types\/post"}],"author":[{"embeddable":true,"href":"https:\/\/archive.sana.sy\/es\/index.php?rest_route=\/wp\/v2\/users\/34"}],"replies":[{"embeddable":true,"href":"https:\/\/archive.sana.sy\/es\/index.php?rest_route=%2Fwp%2Fv2%2Fcomments&post=137349"}],"version-history":[{"count":0,"href":"https:\/\/archive.sana.sy\/es\/index.php?rest_route=\/wp\/v2\/posts\/137349\/revisions"}],"wp:featuredmedia":[{"embeddable":true,"href":"https:\/\/archive.sana.sy\/es\/index.php?rest_route=\/wp\/v2\/media\/137152"}],"wp:attachment":[{"href":"https:\/\/archive.sana.sy\/es\/index.php?rest_route=%2Fwp%2Fv2%2Fmedia&parent=137349"}],"wp:term":[{"taxonomy":"category","embeddable":true,"href":"https:\/\/archive.sana.sy\/es\/index.php?rest_route=%2Fwp%2Fv2%2Fcategories&post=137349"},{"taxonomy":"post_tag","embeddable":true,"href":"https:\/\/archive.sana.sy\/es\/index.php?rest_route=%2Fwp%2Fv2%2Ftags&post=137349"}],"curies":[{"name":"wp","href":"https:\/\/api.w.org\/{rel}","templated":true}]}}