{"id":137363,"date":"2020-04-21T13:26:23","date_gmt":"2020-04-21T10:26:23","guid":{"rendered":"http:\/\/sana.sy\/es\/?p=137363"},"modified":"2023-01-12T14:44:30","modified_gmt":"2023-01-12T12:44:30","slug":"barco-ruso-equipado-con-misiles-de-calibre-zarpa-hacia-el-mediterraneo","status":"publish","type":"post","link":"https:\/\/archive.sana.sy\/es\/?p=137363","title":{"rendered":"Barco ruso equipado con misiles de calibre zarpa hacia el Mediterr\u00e1neo"},"content":{"rendered":"<p><span style=\"color: #800000;\"><strong>Mosc\u00fa, SANA<\/strong><\/span><\/p>\n<p>La flota rusa del Mar Negro anunci\u00f3 el env\u00edo de un barco militar equipado con misiles de Calibre hacia el mar Mediterr\u00e1neo.<\/p>\n<p>\u201cEl barco Orekhovo Zueva equipado con misiles cruceros zarp\u00f3 desde el Mar Negro hacia el B\u00f3sforo y los Dardanelos para cruzarlos hacia el Mediterr\u00e1neo y unirse a las fuerzas navales rusas all\u00ed&#8221;, dijo a Sputnik un comando militar naval de la flota.<\/p>\n<p>El misil Calibre dise\u00f1ado en 2012, es un arma de alta precisi\u00f3n que vuela a 30 metros de altura y se puede usar como un misil bal\u00edstico que vuela a gran altura.<\/p>\n<p><span style=\"color: #0000ff;\">F.M<\/span><\/p>\n","protected":false},"excerpt":{"rendered":"<p>Mosc\u00fa, SANA La flota rusa del Mar Negro anunci\u00f3 el env\u00edo de un barco militar equipado con misiles de Calibre hacia el mar Mediterr\u00e1neo. \u201cEl barco Orekhovo Zueva equipado con misiles cruceros zarp\u00f3 desde el Mar Negro hacia el B\u00f3sforo y los Dardanelos para cruzarlos hacia el Mediterr\u00e1neo y unirse a las fuerzas navales rusas &hellip;<\/p>\n","protected":false},"author":34,"featured_media":137364,"comment_status":"closed","ping_status":"closed","sticky":false,"template":"","format":"standard","meta":{"footnotes":""},"categories":[597,456],"tags":[],"class_list":["post-137363","post","type-post","status-publish","format-standard","has-post-thumbnail","","category-cinta-de-noticias","category-arabe-internacional-politica"],"_links":{"self":[{"href":"https:\/\/archive.sana.sy\/es\/index.php?rest_route=\/wp\/v2\/posts\/137363"}],"collection":[{"href":"https:\/\/archive.sana.sy\/es\/index.php?rest_route=\/wp\/v2\/posts"}],"about":[{"href":"https:\/\/archive.sana.sy\/es\/index.php?rest_route=\/wp\/v2\/types\/post"}],"author":[{"embeddable":true,"href":"https:\/\/archive.sana.sy\/es\/index.php?rest_route=\/wp\/v2\/users\/34"}],"replies":[{"embeddable":true,"href":"https:\/\/archive.sana.sy\/es\/index.php?rest_route=%2Fwp%2Fv2%2Fcomments&post=137363"}],"version-history":[{"count":0,"href":"https:\/\/archive.sana.sy\/es\/index.php?rest_route=\/wp\/v2\/posts\/137363\/revisions"}],"wp:featuredmedia":[{"embeddable":true,"href":"https:\/\/archive.sana.sy\/es\/index.php?rest_route=\/wp\/v2\/media\/137364"}],"wp:attachment":[{"href":"https:\/\/archive.sana.sy\/es\/index.php?rest_route=%2Fwp%2Fv2%2Fmedia&parent=137363"}],"wp:term":[{"taxonomy":"category","embeddable":true,"href":"https:\/\/archive.sana.sy\/es\/index.php?rest_route=%2Fwp%2Fv2%2Fcategories&post=137363"},{"taxonomy":"post_tag","embeddable":true,"href":"https:\/\/archive.sana.sy\/es\/index.php?rest_route=%2Fwp%2Fv2%2Ftags&post=137363"}],"curies":[{"name":"wp","href":"https:\/\/api.w.org\/{rel}","templated":true}]}}