{"id":137752,"date":"2020-04-27T08:54:40","date_gmt":"2020-04-27T05:54:40","guid":{"rendered":"http:\/\/sana.sy\/es\/?p=137752"},"modified":"2020-04-27T08:54:40","modified_gmt":"2020-04-27T05:54:40","slug":"siria-en-sintesis-27-de-abril-2020","status":"publish","type":"post","link":"https:\/\/archive.sana.sy\/es\/?p=137752","title":{"rendered":"Siria en S\u00edntesis, 27 de abril 2020"},"content":{"rendered":"<p><span style=\"color: #800000;\"><strong>Damasco, SANA<\/strong><\/span><\/p>\n<p>A continuaci\u00f3n, les ofrecemos los titulares de las principales noticias difundidas por nuestra agencia en las \u00faltimas 24 horas:<\/p>\n<p>???? Ministerio de Salud reporta nuevo caso de contagio con Covid-19 y tres nuevos recuperados.<\/p>\n<p>???? Gobierno hace evaluaci\u00f3n integral de las medidas adoptadas para enfrentar la Covid-19.<\/p>\n<p>???? Ponen fin a un aislamiento de 25 d\u00edas de la ciudad de Ain Menin al norte de Damasco.<\/p>\n<p>???? Washington sigue enviando refuerzos a sus bases ilegales en Siria.<\/p>\n<p>???? Defensas antia\u00e9reas interceptan misiles israel\u00edes cerca de la capital Damasco.<\/p>\n<p>???? Creatividad y originalidad matizan las obras del escultor sirio Issa Salameh.<\/p>\n<p>???? Ej\u00e9rcito iraqu\u00ed abati\u00f3 a siete terroristas del Daesh en el este de Iraq.<\/p>\n<p>&nbsp;<\/p>\n<p>Actual\u00edzate m\u00e1s:<\/p>\n<p>????https:\/\/sana.sy\/es\/<br \/>\n????https:\/\/www.facebook.com\/Agencia.SANA\/<br \/>\n????https:\/\/t.me\/AgenciasiriaSANA<br \/>\n????https:\/\/twitter.com\/SanaAgencia<\/p>\n<p>&nbsp;<\/p>\n<p>&nbsp;<\/p>\n<p>&nbsp;<\/p>\n<p>&nbsp;<\/p>\n<p>&nbsp;<\/p>\n","protected":false},"excerpt":{"rendered":"<p>Damasco, SANA A continuaci\u00f3n, les ofrecemos los titulares de las principales noticias difundidas por nuestra agencia en las \u00faltimas 24 horas: ???? Ministerio de Salud reporta nuevo caso de contagio con Covid-19 y tres nuevos recuperados. ???? Gobierno hace evaluaci\u00f3n integral de las medidas adoptadas para enfrentar la Covid-19. ???? Ponen fin a un aislamiento &hellip;<\/p>\n","protected":false},"author":31,"featured_media":137753,"comment_status":"closed","ping_status":"closed","sticky":false,"template":"","format":"standard","meta":{"footnotes":""},"categories":[555],"tags":[],"class_list":["post-137752","post","type-post","status-publish","format-standard","has-post-thumbnail","","category-prensa"],"_links":{"self":[{"href":"https:\/\/archive.sana.sy\/es\/index.php?rest_route=\/wp\/v2\/posts\/137752"}],"collection":[{"href":"https:\/\/archive.sana.sy\/es\/index.php?rest_route=\/wp\/v2\/posts"}],"about":[{"href":"https:\/\/archive.sana.sy\/es\/index.php?rest_route=\/wp\/v2\/types\/post"}],"author":[{"embeddable":true,"href":"https:\/\/archive.sana.sy\/es\/index.php?rest_route=\/wp\/v2\/users\/31"}],"replies":[{"embeddable":true,"href":"https:\/\/archive.sana.sy\/es\/index.php?rest_route=%2Fwp%2Fv2%2Fcomments&post=137752"}],"version-history":[{"count":0,"href":"https:\/\/archive.sana.sy\/es\/index.php?rest_route=\/wp\/v2\/posts\/137752\/revisions"}],"wp:featuredmedia":[{"embeddable":true,"href":"https:\/\/archive.sana.sy\/es\/index.php?rest_route=\/wp\/v2\/media\/137753"}],"wp:attachment":[{"href":"https:\/\/archive.sana.sy\/es\/index.php?rest_route=%2Fwp%2Fv2%2Fmedia&parent=137752"}],"wp:term":[{"taxonomy":"category","embeddable":true,"href":"https:\/\/archive.sana.sy\/es\/index.php?rest_route=%2Fwp%2Fv2%2Fcategories&post=137752"},{"taxonomy":"post_tag","embeddable":true,"href":"https:\/\/archive.sana.sy\/es\/index.php?rest_route=%2Fwp%2Fv2%2Ftags&post=137752"}],"curies":[{"name":"wp","href":"https:\/\/api.w.org\/{rel}","templated":true}]}}