{"id":137999,"date":"2020-04-30T18:00:44","date_gmt":"2020-04-30T15:00:44","guid":{"rendered":"http:\/\/sana.sy\/es\/?p=137999"},"modified":"2023-01-10T14:33:09","modified_gmt":"2023-01-10T12:33:09","slug":"extreman-medidas-preventivas-en-entradas-de-ciudades-y-en-terminales-de-omnibus-2","status":"publish","type":"post","link":"https:\/\/archive.sana.sy\/es\/?p=137999","title":{"rendered":"Extreman medidas preventivas en entradas de ciudades y en terminales de \u00f3mnibus"},"content":{"rendered":"<p style=\"text-align: justify;\"><strong><span style=\"color: #800000;\">Provincias, SANA<\/span><\/strong><\/p>\n<p style=\"text-align: justify;\">Equipos m\u00e9dicos y trabajadores especializados en la desinfecci\u00f3n se desplegaron hoy en todas las entradas de la ciudades y en las terminales de \u00f3mnibus interprovinciales con el fin de extremar las medidas preventivas tras la decisi\u00f3n del Gobierno de permitir el transporte entre provincias durante tres d\u00edas a partir de hoy jueves.<\/p>\n<div id='gallery-1' class='gallery galleryid-137999 gallery-columns-1 gallery-size-full'><figure class='gallery-item'>\n\t\t\t<div class='gallery-icon landscape'>\n\t\t\t\t<a href='https:\/\/archive.sana.sy\/es\/wp-content\/uploads\/2020\/04\/\u062d\u0644\u0628.jpg'><img loading=\"lazy\" decoding=\"async\" width=\"660\" height=\"370\" src=\"https:\/\/archive.sana.sy\/es\/wp-content\/uploads\/2020\/04\/\u062d\u0644\u0628.jpg\" class=\"attachment-full size-full\" alt=\"\" srcset=\"https:\/\/archive.sana.sy\/es\/wp-content\/uploads\/2020\/04\/\u062d\u0644\u0628.jpg 660w, https:\/\/archive.sana.sy\/es\/wp-content\/uploads\/2020\/04\/\u062d\u0644\u0628-300x168.jpg 300w, https:\/\/archive.sana.sy\/es\/wp-content\/uploads\/2020\/04\/\u062d\u0644\u0628-150x84.jpg 150w\" sizes=\"(max-width: 660px) 100vw, 660px\" \/><\/a>\n\t\t\t<\/div><\/figure><figure class='gallery-item'>\n\t\t\t<div class='gallery-icon landscape'>\n\t\t\t\t<a href='https:\/\/archive.sana.sy\/es\/wp-content\/uploads\/2020\/04\/kadmousssssss-660x330-1.jpg'><img loading=\"lazy\" decoding=\"async\" width=\"660\" height=\"330\" src=\"https:\/\/archive.sana.sy\/es\/wp-content\/uploads\/2020\/04\/kadmousssssss-660x330-1.jpg\" class=\"attachment-full size-full\" alt=\"\" srcset=\"https:\/\/archive.sana.sy\/es\/wp-content\/uploads\/2020\/04\/kadmousssssss-660x330-1.jpg 660w, https:\/\/archive.sana.sy\/es\/wp-content\/uploads\/2020\/04\/kadmousssssss-660x330-1-300x150.jpg 300w, https:\/\/archive.sana.sy\/es\/wp-content\/uploads\/2020\/04\/kadmousssssss-660x330-1-150x75.jpg 150w\" sizes=\"(max-width: 660px) 100vw, 660px\" \/><\/a>\n\t\t\t<\/div><\/figure><figure class='gallery-item'>\n\t\t\t<div class='gallery-icon landscape'>\n\t\t\t\t<a href='https:\/\/archive.sana.sy\/es\/wp-content\/uploads\/2020\/04\/\u062f\u0645\u0634\u06422-349.jpg'><img loading=\"lazy\" decoding=\"async\" width=\"660\" height=\"370\" src=\"https:\/\/archive.sana.sy\/es\/wp-content\/uploads\/2020\/04\/\u062f\u0645\u0634\u06422-349.jpg\" class=\"attachment-full size-full\" alt=\"\" srcset=\"https:\/\/archive.sana.sy\/es\/wp-content\/uploads\/2020\/04\/\u062f\u0645\u0634\u06422-349.jpg 660w, https:\/\/archive.sana.sy\/es\/wp-content\/uploads\/2020\/04\/\u062f\u0645\u0634\u06422-349-300x168.jpg 300w, https:\/\/archive.sana.sy\/es\/wp-content\/uploads\/2020\/04\/\u062f\u0645\u0634\u06422-349-150x84.jpg 150w\" sizes=\"(max-width: 660px) 100vw, 660px\" \/><\/a>\n\t\t\t<\/div><\/figure><figure class='gallery-item'>\n\t\t\t<div class='gallery-icon landscape'>\n\t\t\t\t<a href='https:\/\/archive.sana.sy\/es\/wp-content\/uploads\/2020\/04\/95568024_3765560753517548_350846021460295680_o.jpg'><img loading=\"lazy\" decoding=\"async\" width=\"960\" height=\"622\" src=\"https:\/\/archive.sana.sy\/es\/wp-content\/uploads\/2020\/04\/95568024_3765560753517548_350846021460295680_o.jpg\" class=\"attachment-full size-full\" alt=\"\" srcset=\"https:\/\/archive.sana.sy\/es\/wp-content\/uploads\/2020\/04\/95568024_3765560753517548_350846021460295680_o.jpg 960w, https:\/\/archive.sana.sy\/es\/wp-content\/uploads\/2020\/04\/95568024_3765560753517548_350846021460295680_o-300x194.jpg 300w, https:\/\/archive.sana.sy\/es\/wp-content\/uploads\/2020\/04\/95568024_3765560753517548_350846021460295680_o-150x97.jpg 150w, https:\/\/archive.sana.sy\/es\/wp-content\/uploads\/2020\/04\/95568024_3765560753517548_350846021460295680_o-768x498.jpg 768w\" sizes=\"(max-width: 960px) 100vw, 960px\" \/><\/a>\n\t\t\t<\/div><\/figure><figure class='gallery-item'>\n\t\t\t<div class='gallery-icon landscape'>\n\t\t\t\t<a href='https:\/\/archive.sana.sy\/es\/wp-content\/uploads\/2020\/04\/95474187_3765560163517607_8966086917250613248_o.jpg'><img loading=\"lazy\" decoding=\"async\" width=\"960\" height=\"618\" src=\"https:\/\/archive.sana.sy\/es\/wp-content\/uploads\/2020\/04\/95474187_3765560163517607_8966086917250613248_o.jpg\" class=\"attachment-full size-full\" alt=\"\" srcset=\"https:\/\/archive.sana.sy\/es\/wp-content\/uploads\/2020\/04\/95474187_3765560163517607_8966086917250613248_o.jpg 960w, https:\/\/archive.sana.sy\/es\/wp-content\/uploads\/2020\/04\/95474187_3765560163517607_8966086917250613248_o-300x193.jpg 300w, https:\/\/archive.sana.sy\/es\/wp-content\/uploads\/2020\/04\/95474187_3765560163517607_8966086917250613248_o-150x97.jpg 150w, https:\/\/archive.sana.sy\/es\/wp-content\/uploads\/2020\/04\/95474187_3765560163517607_8966086917250613248_o-768x494.jpg 768w\" sizes=\"(max-width: 960px) 100vw, 960px\" \/><\/a>\n\t\t\t<\/div><\/figure><figure class='gallery-item'>\n\t\t\t<div class='gallery-icon landscape'>\n\t\t\t\t<a href='https:\/\/archive.sana.sy\/es\/wp-content\/uploads\/2020\/04\/94689322_3765567240183566_7591102452250705920_o.jpg'><img loading=\"lazy\" decoding=\"async\" width=\"960\" height=\"524\" src=\"https:\/\/archive.sana.sy\/es\/wp-content\/uploads\/2020\/04\/94689322_3765567240183566_7591102452250705920_o.jpg\" class=\"attachment-full size-full\" alt=\"\" srcset=\"https:\/\/archive.sana.sy\/es\/wp-content\/uploads\/2020\/04\/94689322_3765567240183566_7591102452250705920_o.jpg 960w, https:\/\/archive.sana.sy\/es\/wp-content\/uploads\/2020\/04\/94689322_3765567240183566_7591102452250705920_o-300x164.jpg 300w, https:\/\/archive.sana.sy\/es\/wp-content\/uploads\/2020\/04\/94689322_3765567240183566_7591102452250705920_o-150x82.jpg 150w, https:\/\/archive.sana.sy\/es\/wp-content\/uploads\/2020\/04\/94689322_3765567240183566_7591102452250705920_o-768x419.jpg 768w\" sizes=\"(max-width: 960px) 100vw, 960px\" \/><\/a>\n\t\t\t<\/div><\/figure><figure class='gallery-item'>\n\t\t\t<div class='gallery-icon landscape'>\n\t\t\t\t<a href='https:\/\/archive.sana.sy\/es\/wp-content\/uploads\/2020\/04\/95788355_3765572946849662_4015147238907969536_o.jpg'><img loading=\"lazy\" decoding=\"async\" width=\"960\" height=\"570\" src=\"https:\/\/archive.sana.sy\/es\/wp-content\/uploads\/2020\/04\/95788355_3765572946849662_4015147238907969536_o.jpg\" class=\"attachment-full size-full\" alt=\"\" srcset=\"https:\/\/archive.sana.sy\/es\/wp-content\/uploads\/2020\/04\/95788355_3765572946849662_4015147238907969536_o.jpg 960w, https:\/\/archive.sana.sy\/es\/wp-content\/uploads\/2020\/04\/95788355_3765572946849662_4015147238907969536_o-300x178.jpg 300w, https:\/\/archive.sana.sy\/es\/wp-content\/uploads\/2020\/04\/95788355_3765572946849662_4015147238907969536_o-150x89.jpg 150w, https:\/\/archive.sana.sy\/es\/wp-content\/uploads\/2020\/04\/95788355_3765572946849662_4015147238907969536_o-768x456.jpg 768w\" sizes=\"(max-width: 960px) 100vw, 960px\" \/><\/a>\n\t\t\t<\/div><\/figure>\n\t\t<\/div>\n\n","protected":false},"excerpt":{"rendered":"<p>Provincias, SANA Equipos m\u00e9dicos y trabajadores especializados en la desinfecci\u00f3n se desplegaron hoy en todas las entradas de la ciudades y en las terminales de \u00f3mnibus interprovinciales con el fin de extremar las medidas preventivas tras la decisi\u00f3n del Gobierno de permitir el transporte entre provincias durante tres d\u00edas a partir de hoy jueves.<\/p>\n","protected":false},"author":34,"featured_media":138000,"comment_status":"closed","ping_status":"closed","sticky":false,"template":"","format":"standard","meta":{"footnotes":""},"categories":[447,597,476,7541],"tags":[],"class_list":["post-137999","post","type-post","status-publish","format-standard","has-post-thumbnail","","category-local-politica","category-cinta-de-noticias","category-locales","category-ultimas-noticias"],"_links":{"self":[{"href":"https:\/\/archive.sana.sy\/es\/index.php?rest_route=\/wp\/v2\/posts\/137999"}],"collection":[{"href":"https:\/\/archive.sana.sy\/es\/index.php?rest_route=\/wp\/v2\/posts"}],"about":[{"href":"https:\/\/archive.sana.sy\/es\/index.php?rest_route=\/wp\/v2\/types\/post"}],"author":[{"embeddable":true,"href":"https:\/\/archive.sana.sy\/es\/index.php?rest_route=\/wp\/v2\/users\/34"}],"replies":[{"embeddable":true,"href":"https:\/\/archive.sana.sy\/es\/index.php?rest_route=%2Fwp%2Fv2%2Fcomments&post=137999"}],"version-history":[{"count":0,"href":"https:\/\/archive.sana.sy\/es\/index.php?rest_route=\/wp\/v2\/posts\/137999\/revisions"}],"wp:featuredmedia":[{"embeddable":true,"href":"https:\/\/archive.sana.sy\/es\/index.php?rest_route=\/wp\/v2\/media\/138000"}],"wp:attachment":[{"href":"https:\/\/archive.sana.sy\/es\/index.php?rest_route=%2Fwp%2Fv2%2Fmedia&parent=137999"}],"wp:term":[{"taxonomy":"category","embeddable":true,"href":"https:\/\/archive.sana.sy\/es\/index.php?rest_route=%2Fwp%2Fv2%2Fcategories&post=137999"},{"taxonomy":"post_tag","embeddable":true,"href":"https:\/\/archive.sana.sy\/es\/index.php?rest_route=%2Fwp%2Fv2%2Ftags&post=137999"}],"curies":[{"name":"wp","href":"https:\/\/api.w.org\/{rel}","templated":true}]}}