{"id":138093,"date":"2020-05-01T15:49:02","date_gmt":"2020-05-01T12:49:02","guid":{"rendered":"http:\/\/sana.sy\/es\/?p=138093"},"modified":"2023-01-12T14:44:27","modified_gmt":"2023-01-12T12:44:27","slug":"nina-yemenita-de-4-meses-resulta-herida-por-balas-de-francotiradores-sauditas","status":"publish","type":"post","link":"https:\/\/archive.sana.sy\/es\/?p=138093","title":{"rendered":"Ni\u00f1a yemenita de 4 meses resulta herida por balas de francotiradores sauditas"},"content":{"rendered":"<p><span style=\"color: #800000;\">San\u00e1, SANA<\/span><\/p>\n<p style=\"text-align: justify;\">Una ni\u00f1a yemenita result\u00f3 herida por fuego de francotiradores de las fuerzas de la agresi\u00f3n saudita en Taiz, en un momento en que la agresi\u00f3n continua atacando con proyectiles de cohetes y artiller\u00eda \u00e1reas residenciales en las gobernaciones de Hodeidah y Saada.<\/p>\n<p style=\"text-align: justify;\">Una fuente de seguridad declar\u00f3 a la agencia de noticias yemen\u00ed (SABANEWS) que una ni\u00f1a de cuatro a\u00f1os ha resultado herida por balas de francotiradores mercenarios de la agresi\u00f3n la zona de Ezlet Hadhran, en la gobernaci\u00f3n de Taiz.<\/p>\n<p style=\"text-align: justify;\">La Agreg\u00f3 que las fuerzas de agresi\u00f3n atacaron con misiles, armas pesadas y medianas diferentes \u00e1reas en la ciudad de Hodeidah , as\u00ed como las afueras de la ciudad sitiada de d Durayhimi.<\/p>\n<p style=\"text-align: justify;\">Mientras tanto, en la gobernaci\u00f3n de Saada, las fuerzas de la agresi\u00f3n saudita bombardearon aldeas pobladas en el distrito de Razih y varias zonas del distrito de Shada con cohetes y fuego de artiller\u00eda.<\/p>\n<p>&nbsp;<\/p>\n<p>M.M<\/p>\n","protected":false},"excerpt":{"rendered":"<p>San\u00e1, SANA Una ni\u00f1a yemenita result\u00f3 herida por fuego de francotiradores de las fuerzas de la agresi\u00f3n saudita en Taiz, en un momento en que la agresi\u00f3n continua atacando con proyectiles de cohetes y artiller\u00eda \u00e1reas residenciales en las gobernaciones de Hodeidah y Saada. Una fuente de seguridad declar\u00f3 a la agencia de noticias yemen\u00ed &hellip;<\/p>\n","protected":false},"author":36,"featured_media":138094,"comment_status":"closed","ping_status":"closed","sticky":false,"template":"","format":"standard","meta":{"footnotes":""},"categories":[597,456,457],"tags":[6304],"class_list":["post-138093","post","type-post","status-publish","format-standard","has-post-thumbnail","","category-cinta-de-noticias","category-arabe-internacional-politica","category-noticias-arabe-internacional-politica","tag-yemen"],"_links":{"self":[{"href":"https:\/\/archive.sana.sy\/es\/index.php?rest_route=\/wp\/v2\/posts\/138093"}],"collection":[{"href":"https:\/\/archive.sana.sy\/es\/index.php?rest_route=\/wp\/v2\/posts"}],"about":[{"href":"https:\/\/archive.sana.sy\/es\/index.php?rest_route=\/wp\/v2\/types\/post"}],"author":[{"embeddable":true,"href":"https:\/\/archive.sana.sy\/es\/index.php?rest_route=\/wp\/v2\/users\/36"}],"replies":[{"embeddable":true,"href":"https:\/\/archive.sana.sy\/es\/index.php?rest_route=%2Fwp%2Fv2%2Fcomments&post=138093"}],"version-history":[{"count":0,"href":"https:\/\/archive.sana.sy\/es\/index.php?rest_route=\/wp\/v2\/posts\/138093\/revisions"}],"wp:featuredmedia":[{"embeddable":true,"href":"https:\/\/archive.sana.sy\/es\/index.php?rest_route=\/wp\/v2\/media\/138094"}],"wp:attachment":[{"href":"https:\/\/archive.sana.sy\/es\/index.php?rest_route=%2Fwp%2Fv2%2Fmedia&parent=138093"}],"wp:term":[{"taxonomy":"category","embeddable":true,"href":"https:\/\/archive.sana.sy\/es\/index.php?rest_route=%2Fwp%2Fv2%2Fcategories&post=138093"},{"taxonomy":"post_tag","embeddable":true,"href":"https:\/\/archive.sana.sy\/es\/index.php?rest_route=%2Fwp%2Fv2%2Ftags&post=138093"}],"curies":[{"name":"wp","href":"https:\/\/api.w.org\/{rel}","templated":true}]}}