{"id":138096,"date":"2020-05-01T16:00:43","date_gmt":"2020-05-01T13:00:43","guid":{"rendered":"http:\/\/sana.sy\/es\/?p=138096"},"modified":"2023-01-12T14:44:26","modified_gmt":"2023-01-12T12:44:26","slug":"fuerzas-de-ocupacion-israelies-dejan-heridos-a-dos-palestinos","status":"publish","type":"post","link":"https:\/\/archive.sana.sy\/es\/?p=138096","title":{"rendered":"Fuerzas de ocupaci\u00f3n israel\u00edes dejan heridos a dos palestinos"},"content":{"rendered":"<p><span style=\"color: #800000;\">Jerusal\u00e9n ocupada, SANA<\/span><\/p>\n<p style=\"text-align: justify;\">Al menos j\u00f3venes palestinos resultaron heridos este viernes por balas disparadas por las fuerzas de ocupaci\u00f3n israel\u00edes, al sur de la ciudad de Qalqilya.<\/p>\n<p style=\"text-align: justify;\">La agencia palestina de prensa, Wafa, inform\u00f3 que las fuerzas de ocupaci\u00f3n dispararon balas reales hacia los palestinos cerca del Muro de Separaci\u00f3n en el sur de Qalqilya, hiriendo a dos de ellos.<\/p>\n<p style=\"text-align: justify;\">Anteriormente, se inform\u00f3 que docenas de palestinos resultaron heridos cuando las fuerzas de ocupaci\u00f3n israel\u00edes asaltaron campo de refugiados de Tulkarem , en Cisjordania.<\/p>\n<p>&nbsp;<\/p>\n<p>M.M<\/p>\n","protected":false},"excerpt":{"rendered":"<p>Jerusal\u00e9n ocupada, SANA Al menos j\u00f3venes palestinos resultaron heridos este viernes por balas disparadas por las fuerzas de ocupaci\u00f3n israel\u00edes, al sur de la ciudad de Qalqilya. La agencia palestina de prensa, Wafa, inform\u00f3 que las fuerzas de ocupaci\u00f3n dispararon balas reales hacia los palestinos cerca del Muro de Separaci\u00f3n en el sur de Qalqilya, &hellip;<\/p>\n","protected":false},"author":36,"featured_media":138097,"comment_status":"closed","ping_status":"closed","sticky":false,"template":"","format":"standard","meta":{"footnotes":""},"categories":[597,456,457],"tags":[1494],"class_list":["post-138096","post","type-post","status-publish","format-standard","has-post-thumbnail","","category-cinta-de-noticias","category-arabe-internacional-politica","category-noticias-arabe-internacional-politica","tag-palestina"],"_links":{"self":[{"href":"https:\/\/archive.sana.sy\/es\/index.php?rest_route=\/wp\/v2\/posts\/138096"}],"collection":[{"href":"https:\/\/archive.sana.sy\/es\/index.php?rest_route=\/wp\/v2\/posts"}],"about":[{"href":"https:\/\/archive.sana.sy\/es\/index.php?rest_route=\/wp\/v2\/types\/post"}],"author":[{"embeddable":true,"href":"https:\/\/archive.sana.sy\/es\/index.php?rest_route=\/wp\/v2\/users\/36"}],"replies":[{"embeddable":true,"href":"https:\/\/archive.sana.sy\/es\/index.php?rest_route=%2Fwp%2Fv2%2Fcomments&post=138096"}],"version-history":[{"count":0,"href":"https:\/\/archive.sana.sy\/es\/index.php?rest_route=\/wp\/v2\/posts\/138096\/revisions"}],"wp:featuredmedia":[{"embeddable":true,"href":"https:\/\/archive.sana.sy\/es\/index.php?rest_route=\/wp\/v2\/media\/138097"}],"wp:attachment":[{"href":"https:\/\/archive.sana.sy\/es\/index.php?rest_route=%2Fwp%2Fv2%2Fmedia&parent=138096"}],"wp:term":[{"taxonomy":"category","embeddable":true,"href":"https:\/\/archive.sana.sy\/es\/index.php?rest_route=%2Fwp%2Fv2%2Fcategories&post=138096"},{"taxonomy":"post_tag","embeddable":true,"href":"https:\/\/archive.sana.sy\/es\/index.php?rest_route=%2Fwp%2Fv2%2Ftags&post=138096"}],"curies":[{"name":"wp","href":"https:\/\/api.w.org\/{rel}","templated":true}]}}