{"id":138099,"date":"2020-05-01T16:53:45","date_gmt":"2020-05-01T13:53:45","guid":{"rendered":"http:\/\/sana.sy\/es\/?p=138099"},"modified":"2020-05-01T17:07:23","modified_gmt":"2020-05-01T14:07:23","slug":"al-menos-4-muertos-y-23-heridos-tras-explosion-de-un-almacen-de-bombonas-de-gas-butano-cerca-de-alepo","status":"publish","type":"post","link":"https:\/\/archive.sana.sy\/es\/?p=138099","title":{"rendered":"Al menos 4 muertos y 23 heridos tras explosi\u00f3n de un almac\u00e9n de bombonas de gas butano cerca de Alepo"},"content":{"rendered":"<p><span style=\"color: #800000;\">Alepo, SANA<\/span><\/p>\n<p style=\"text-align: justify;\">Al menos 4 personas perdieron la vida y otras 23 resultaron heridas como resultado de una explosi\u00f3n en un almac\u00e9n de bombonas de gas butano ubicado en las afueras de la localidad de Nubl, en la zona rural norte de Alepo, seg\u00fan inform\u00f3 el corresponsal de SANA.<\/p>\n<p style=\"text-align: justify;\">De acuerdo con el periodista, la explosi\u00f3n que tuvo lugar esta tarde en las afueras de la localidad, antes mencionada, provoc\u00f3 la destrucci\u00f3n de las casas vecinas y caus\u00f3 la muerte de 4 personas y heridas a otras 23, que fueron trasladadas a hospitales para recibir tratamiento adecuado.<\/p>\n<p style=\"text-align: justify;\">Agreg\u00f3 que las operaciones de remoci\u00f3n de escombros llevadas a cabo por parte de equipos de Defensa Civil a\u00fan contin\u00faan en el sitio del incidente.<\/p>\n<div id='gallery-1' class='gallery galleryid-138099 gallery-columns-1 gallery-size-full'><figure class='gallery-item'>\n\t\t\t<div class='gallery-icon landscape'>\n\t\t\t\t<a href='https:\/\/archive.sana.sy\/es\/?attachment_id=138102'><img loading=\"lazy\" decoding=\"async\" width=\"660\" height=\"374\" src=\"https:\/\/archive.sana.sy\/es\/wp-content\/uploads\/2020\/05\/2-3.jpg\" class=\"attachment-full size-full\" alt=\"\" srcset=\"https:\/\/archive.sana.sy\/es\/wp-content\/uploads\/2020\/05\/2-3.jpg 660w, https:\/\/archive.sana.sy\/es\/wp-content\/uploads\/2020\/05\/2-3-300x170.jpg 300w, https:\/\/archive.sana.sy\/es\/wp-content\/uploads\/2020\/05\/2-3-150x85.jpg 150w\" sizes=\"(max-width: 660px) 100vw, 660px\" \/><\/a>\n\t\t\t<\/div><\/figure><figure class='gallery-item'>\n\t\t\t<div class='gallery-icon landscape'>\n\t\t\t\t<a href='https:\/\/archive.sana.sy\/es\/?attachment_id=138103'><img loading=\"lazy\" decoding=\"async\" width=\"660\" height=\"495\" src=\"https:\/\/archive.sana.sy\/es\/wp-content\/uploads\/2020\/05\/3-1.jpg\" class=\"attachment-full size-full\" alt=\"\" srcset=\"https:\/\/archive.sana.sy\/es\/wp-content\/uploads\/2020\/05\/3-1.jpg 660w, https:\/\/archive.sana.sy\/es\/wp-content\/uploads\/2020\/05\/3-1-300x225.jpg 300w, https:\/\/archive.sana.sy\/es\/wp-content\/uploads\/2020\/05\/3-1-150x113.jpg 150w\" sizes=\"(max-width: 660px) 100vw, 660px\" \/><\/a>\n\t\t\t<\/div><\/figure><figure class='gallery-item'>\n\t\t\t<div class='gallery-icon landscape'>\n\t\t\t\t<a href='https:\/\/archive.sana.sy\/es\/?attachment_id=138104'><img loading=\"lazy\" decoding=\"async\" width=\"660\" height=\"440\" src=\"https:\/\/archive.sana.sy\/es\/wp-content\/uploads\/2020\/05\/4-2.jpg\" class=\"attachment-full size-full\" alt=\"\" srcset=\"https:\/\/archive.sana.sy\/es\/wp-content\/uploads\/2020\/05\/4-2.jpg 660w, https:\/\/archive.sana.sy\/es\/wp-content\/uploads\/2020\/05\/4-2-300x200.jpg 300w, https:\/\/archive.sana.sy\/es\/wp-content\/uploads\/2020\/05\/4-2-150x100.jpg 150w\" sizes=\"(max-width: 660px) 100vw, 660px\" \/><\/a>\n\t\t\t<\/div><\/figure>\n\t\t<\/div>\n\n<p>&nbsp;<\/p>\n<p>M.M<\/p>\n","protected":false},"excerpt":{"rendered":"<p>Alepo, SANA Al menos 4 personas perdieron la vida y otras 23 resultaron heridas como resultado de una explosi\u00f3n en un almac\u00e9n de bombonas de gas butano ubicado en las afueras de la localidad de Nubl, en la zona rural norte de Alepo, seg\u00fan inform\u00f3 el corresponsal de SANA. De acuerdo con el periodista, la &hellip;<\/p>\n","protected":false},"author":36,"featured_media":138100,"comment_status":"closed","ping_status":"closed","sticky":false,"template":"","format":"standard","meta":{"footnotes":""},"categories":[597,476,457,7541],"tags":[],"class_list":["post-138099","post","type-post","status-publish","format-standard","has-post-thumbnail","","category-cinta-de-noticias","category-locales","category-noticias-arabe-internacional-politica","category-ultimas-noticias"],"_links":{"self":[{"href":"https:\/\/archive.sana.sy\/es\/index.php?rest_route=\/wp\/v2\/posts\/138099"}],"collection":[{"href":"https:\/\/archive.sana.sy\/es\/index.php?rest_route=\/wp\/v2\/posts"}],"about":[{"href":"https:\/\/archive.sana.sy\/es\/index.php?rest_route=\/wp\/v2\/types\/post"}],"author":[{"embeddable":true,"href":"https:\/\/archive.sana.sy\/es\/index.php?rest_route=\/wp\/v2\/users\/36"}],"replies":[{"embeddable":true,"href":"https:\/\/archive.sana.sy\/es\/index.php?rest_route=%2Fwp%2Fv2%2Fcomments&post=138099"}],"version-history":[{"count":0,"href":"https:\/\/archive.sana.sy\/es\/index.php?rest_route=\/wp\/v2\/posts\/138099\/revisions"}],"wp:featuredmedia":[{"embeddable":true,"href":"https:\/\/archive.sana.sy\/es\/index.php?rest_route=\/wp\/v2\/media\/138100"}],"wp:attachment":[{"href":"https:\/\/archive.sana.sy\/es\/index.php?rest_route=%2Fwp%2Fv2%2Fmedia&parent=138099"}],"wp:term":[{"taxonomy":"category","embeddable":true,"href":"https:\/\/archive.sana.sy\/es\/index.php?rest_route=%2Fwp%2Fv2%2Fcategories&post=138099"},{"taxonomy":"post_tag","embeddable":true,"href":"https:\/\/archive.sana.sy\/es\/index.php?rest_route=%2Fwp%2Fv2%2Ftags&post=138099"}],"curies":[{"name":"wp","href":"https:\/\/api.w.org\/{rel}","templated":true}]}}