{"id":138108,"date":"2020-05-01T18:08:01","date_gmt":"2020-05-01T15:08:01","guid":{"rendered":"http:\/\/sana.sy\/es\/?p=138108"},"modified":"2023-01-12T14:44:26","modified_gmt":"2023-01-12T12:44:26","slug":"politico-turco-erdogan-es-un-fascista-y-apoya-a-los-hermanos-musulmanes-con-miles-de-millones-de-dolares","status":"publish","type":"post","link":"https:\/\/archive.sana.sy\/es\/?p=138108","title":{"rendered":"Pol\u00edtico turco: Erdogan es un fascista y apoya a los Hermanos Musulmanes con miles de millones de d\u00f3lares"},"content":{"rendered":"<p><span style=\"color: #800000;\">Ankara, SANA<\/span><\/p>\n<p style=\"text-align: justify;\">El l\u00edder del partido los Trabajadores de Turqu\u00eda, Erkan Bash, confirm\u00f3 que el presidente del r\u00e9gimen turco, Recep Tayyip Erdogan, est\u00e1 aplicando pol\u00edticas fascistas contra todo el pueblo , especialmente contra los trabajadores.<\/p>\n<p style=\"text-align: justify;\">&#8220;Erdogan teme al pueblo a pesar de su control de todas las instituciones estatales porque es cobarde y fracasado&#8221;, dijo Bash en un entrevista con el canal FOX.<\/p>\n<p style=\"text-align: justify;\">Se\u00f1al\u00f3 que Erdogan ha apoyado a todos los grupos y fuerzas de los Hermanos Musulmanes en el mundo con miles de millones de d\u00f3lares.<\/p>\n<p style=\"text-align: justify;\">Asimismo, Bash denunci\u00f3 los arrestos dirigidos a los l\u00edderes sindicales durante sus celebraciones para conmemorar el D\u00eda Internacional de los Trabajadores en Estambul y dijo: &#8220;El r\u00e9gimen de Erdogan ha anunciado un toque de queda solo para esta fecha a fin de impedir que los trabajadores\u00a0 celebren este d\u00eda despu\u00e9s de haber fracaso en tomar medidas para ayudarlos en la crisis actual&#8221;.<\/p>\n<p style=\"text-align: justify;\">Erdogan, bajo el pretexto de la epidemia del coronavirus,\u00a0 declar\u00f3 un toque de queda a partir de hoy, viernes, a diferencia de lo que estaba haciendo normalmente de declarar un toque de queda solo los fines de semana .<\/p>\n<p>&nbsp;<\/p>\n<p>&nbsp;<\/p>\n<p>M.M<\/p>\n","protected":false},"excerpt":{"rendered":"<p>Ankara, SANA El l\u00edder del partido los Trabajadores de Turqu\u00eda, Erkan Bash, confirm\u00f3 que el presidente del r\u00e9gimen turco, Recep Tayyip Erdogan, est\u00e1 aplicando pol\u00edticas fascistas contra todo el pueblo , especialmente contra los trabajadores. &#8220;Erdogan teme al pueblo a pesar de su control de todas las instituciones estatales porque es cobarde y fracasado&#8221;, dijo &hellip;<\/p>\n","protected":false},"author":36,"featured_media":138109,"comment_status":"closed","ping_status":"closed","sticky":false,"template":"","format":"standard","meta":{"footnotes":""},"categories":[597,456,457],"tags":[],"class_list":["post-138108","post","type-post","status-publish","format-standard","has-post-thumbnail","","category-cinta-de-noticias","category-arabe-internacional-politica","category-noticias-arabe-internacional-politica"],"_links":{"self":[{"href":"https:\/\/archive.sana.sy\/es\/index.php?rest_route=\/wp\/v2\/posts\/138108"}],"collection":[{"href":"https:\/\/archive.sana.sy\/es\/index.php?rest_route=\/wp\/v2\/posts"}],"about":[{"href":"https:\/\/archive.sana.sy\/es\/index.php?rest_route=\/wp\/v2\/types\/post"}],"author":[{"embeddable":true,"href":"https:\/\/archive.sana.sy\/es\/index.php?rest_route=\/wp\/v2\/users\/36"}],"replies":[{"embeddable":true,"href":"https:\/\/archive.sana.sy\/es\/index.php?rest_route=%2Fwp%2Fv2%2Fcomments&post=138108"}],"version-history":[{"count":0,"href":"https:\/\/archive.sana.sy\/es\/index.php?rest_route=\/wp\/v2\/posts\/138108\/revisions"}],"wp:featuredmedia":[{"embeddable":true,"href":"https:\/\/archive.sana.sy\/es\/index.php?rest_route=\/wp\/v2\/media\/138109"}],"wp:attachment":[{"href":"https:\/\/archive.sana.sy\/es\/index.php?rest_route=%2Fwp%2Fv2%2Fmedia&parent=138108"}],"wp:term":[{"taxonomy":"category","embeddable":true,"href":"https:\/\/archive.sana.sy\/es\/index.php?rest_route=%2Fwp%2Fv2%2Fcategories&post=138108"},{"taxonomy":"post_tag","embeddable":true,"href":"https:\/\/archive.sana.sy\/es\/index.php?rest_route=%2Fwp%2Fv2%2Ftags&post=138108"}],"curies":[{"name":"wp","href":"https:\/\/api.w.org\/{rel}","templated":true}]}}