{"id":138168,"date":"2020-05-02T09:15:10","date_gmt":"2020-05-02T06:15:10","guid":{"rendered":"http:\/\/sana.sy\/es\/?p=138168"},"modified":"2023-01-10T15:15:15","modified_gmt":"2023-01-10T13:15:15","slug":"provincia-de-sweida-produce-mas-de-cinco-mil-toneladas-de-verduras","status":"publish","type":"post","link":"https:\/\/archive.sana.sy\/es\/?p=138168","title":{"rendered":"Provincia de Sweida produce m\u00e1s de cinco mil toneladas de verduras"},"content":{"rendered":"<p><span style=\"color: #800000;\">Sweida, SANA<\/span><\/p>\n<p style=\"text-align: justify;\">La Direcci\u00f3n de Agricultura de la provincia de Sweida en el sur del pa\u00eds estim\u00f3 que la producci\u00f3n de verduras en la presente temporada llegar\u00e1 cinco mil 144 toneladas, casi dos mil toneladas m\u00e1s que la temporada pasada.<\/p>\n<p style=\"text-align: justify;\">\u201cLas condiciones propicias y las lluvias abundantes contribuyeron al aumento de la producci\u00f3n de este tipo de verduras este a\u00f1o\u201d, dijo Alaa Shuhaib, subdirector asistente de la Direcci\u00f3n de Agricultura en Sweida.<\/p>\n<p style=\"text-align: justify;\">Detall\u00f3 que el \u00e1rea cultivada con verduras ascendi\u00f3 a tres mil 120 hect\u00e1reas, con aumento de 600 hect\u00e1reas del plan de siembra de este a\u00f1o.<\/p>\n<p style=\"text-align: justify;\">Entre principales cultivos est\u00e1n las habas, guisantes, repollos, coliflores, ajos, zanahorias y cebollas.<\/p>\n<p><span style=\"color: #0000ff;\">RR\/ FM\u00a0<\/span><\/p>\n","protected":false},"excerpt":{"rendered":"<p>Sweida, SANA La Direcci\u00f3n de Agricultura de la provincia de Sweida en el sur del pa\u00eds estim\u00f3 que la producci\u00f3n de verduras en la presente temporada llegar\u00e1 cinco mil 144 toneladas, casi dos mil toneladas m\u00e1s que la temporada pasada. \u201cLas condiciones propicias y las lluvias abundantes contribuyeron al aumento de la producci\u00f3n de este &hellip;<\/p>\n","protected":false},"author":31,"featured_media":138169,"comment_status":"closed","ping_status":"closed","sticky":false,"template":"","format":"standard","meta":{"footnotes":""},"categories":[597,485,7541],"tags":[],"class_list":["post-138168","post","type-post","status-publish","format-standard","has-post-thumbnail","","category-cinta-de-noticias","category-informes-negocios-y-finanzas","category-ultimas-noticias"],"_links":{"self":[{"href":"https:\/\/archive.sana.sy\/es\/index.php?rest_route=\/wp\/v2\/posts\/138168"}],"collection":[{"href":"https:\/\/archive.sana.sy\/es\/index.php?rest_route=\/wp\/v2\/posts"}],"about":[{"href":"https:\/\/archive.sana.sy\/es\/index.php?rest_route=\/wp\/v2\/types\/post"}],"author":[{"embeddable":true,"href":"https:\/\/archive.sana.sy\/es\/index.php?rest_route=\/wp\/v2\/users\/31"}],"replies":[{"embeddable":true,"href":"https:\/\/archive.sana.sy\/es\/index.php?rest_route=%2Fwp%2Fv2%2Fcomments&post=138168"}],"version-history":[{"count":0,"href":"https:\/\/archive.sana.sy\/es\/index.php?rest_route=\/wp\/v2\/posts\/138168\/revisions"}],"wp:featuredmedia":[{"embeddable":true,"href":"https:\/\/archive.sana.sy\/es\/index.php?rest_route=\/wp\/v2\/media\/138169"}],"wp:attachment":[{"href":"https:\/\/archive.sana.sy\/es\/index.php?rest_route=%2Fwp%2Fv2%2Fmedia&parent=138168"}],"wp:term":[{"taxonomy":"category","embeddable":true,"href":"https:\/\/archive.sana.sy\/es\/index.php?rest_route=%2Fwp%2Fv2%2Fcategories&post=138168"},{"taxonomy":"post_tag","embeddable":true,"href":"https:\/\/archive.sana.sy\/es\/index.php?rest_route=%2Fwp%2Fv2%2Ftags&post=138168"}],"curies":[{"name":"wp","href":"https:\/\/api.w.org\/{rel}","templated":true}]}}