{"id":138272,"date":"2020-05-04T11:00:03","date_gmt":"2020-05-04T08:00:03","guid":{"rendered":"http:\/\/sana.sy\/es\/?p=138272"},"modified":"2023-01-12T14:44:25","modified_gmt":"2023-01-12T12:44:25","slug":"iraq-lanza-operacion-militar-para-erradicar-al-daesh-de-anbar","status":"publish","type":"post","link":"https:\/\/archive.sana.sy\/es\/?p=138272","title":{"rendered":"Iraq lanza operaci\u00f3n militar para erradicar al Daesh de Anbar"},"content":{"rendered":"<p><span style=\"color: #800000;\">Bagdad, SANA<\/span><\/p>\n<p style=\"text-align: justify;\">Las fuerzas conjuntas iraqu\u00edes lanzaron este lunes una amplia operaci\u00f3n militar denominada &#8220;Leones del Desierto&#8221; con el fin de perseguir a los terroristas remanentes de la organizaci\u00f3n terrorista del Estados Isl\u00e1mico (Daesh, en \u00e1rabe) en la regi\u00f3n de Anbar, en el oeste de Iraq.<\/p>\n<p style=\"text-align: justify;\">&#8220;Bajo supervisi\u00f3n del Comando de Operaciones Conjuntas, comenz\u00f3 la operaci\u00f3n &#8220;Leones del Desierto&#8221; para rastrear las \u00e1reas de Wadi Houran, Husayniyyat y Karaa, hasta las fronteras internacionales&#8221;, difundi\u00f3 la agencia iraqu\u00ed \u201cAlsumaria\u201d.<\/p>\n<p style=\"text-align: justify;\">Detall\u00f3 que la misi\u00f3n se realiza en nueve ejes con el apoyo del Ej\u00e9rcito y la Fuerza A\u00e9rea iraqu\u00edes, y tiene como objetivo fortalecer la seguridad y la estabilidad en estas zonas.<\/p>\n<p style=\"text-align: justify;\">En un comunicado, el Centro de Prensa Militar se\u00f1al\u00f3 que las operaciones resultaron en la eliminaci\u00f3n de tres l\u00edderes del Daesh en la zona de Al-Madham y el estallido de un veh\u00edculo cargado con artefactos explosivos.<\/p>\n<p style=\"text-align: justify;\">Las fuerzas iraqu\u00edes abatieron la v\u00edspera a siete terroristas del Daesh durante varias operaciones de seguridad en la provincia de Salah al-Din, en el centro del pa\u00eds.<\/p>\n<p><span style=\"color: #0000ff;\">RR\/ FM\u00a0<\/span><\/p>\n","protected":false},"excerpt":{"rendered":"<p>Bagdad, SANA Las fuerzas conjuntas iraqu\u00edes lanzaron este lunes una amplia operaci\u00f3n militar denominada &#8220;Leones del Desierto&#8221; con el fin de perseguir a los terroristas remanentes de la organizaci\u00f3n terrorista del Estados Isl\u00e1mico (Daesh, en \u00e1rabe) en la regi\u00f3n de Anbar, en el oeste de Iraq. &#8220;Bajo supervisi\u00f3n del Comando de Operaciones Conjuntas, comenz\u00f3 la &hellip;<\/p>\n","protected":false},"author":31,"featured_media":138273,"comment_status":"closed","ping_status":"closed","sticky":false,"template":"","format":"standard","meta":{"footnotes":""},"categories":[597,456,7541],"tags":[],"class_list":["post-138272","post","type-post","status-publish","format-standard","has-post-thumbnail","","category-cinta-de-noticias","category-arabe-internacional-politica","category-ultimas-noticias"],"_links":{"self":[{"href":"https:\/\/archive.sana.sy\/es\/index.php?rest_route=\/wp\/v2\/posts\/138272"}],"collection":[{"href":"https:\/\/archive.sana.sy\/es\/index.php?rest_route=\/wp\/v2\/posts"}],"about":[{"href":"https:\/\/archive.sana.sy\/es\/index.php?rest_route=\/wp\/v2\/types\/post"}],"author":[{"embeddable":true,"href":"https:\/\/archive.sana.sy\/es\/index.php?rest_route=\/wp\/v2\/users\/31"}],"replies":[{"embeddable":true,"href":"https:\/\/archive.sana.sy\/es\/index.php?rest_route=%2Fwp%2Fv2%2Fcomments&post=138272"}],"version-history":[{"count":0,"href":"https:\/\/archive.sana.sy\/es\/index.php?rest_route=\/wp\/v2\/posts\/138272\/revisions"}],"wp:featuredmedia":[{"embeddable":true,"href":"https:\/\/archive.sana.sy\/es\/index.php?rest_route=\/wp\/v2\/media\/138273"}],"wp:attachment":[{"href":"https:\/\/archive.sana.sy\/es\/index.php?rest_route=%2Fwp%2Fv2%2Fmedia&parent=138272"}],"wp:term":[{"taxonomy":"category","embeddable":true,"href":"https:\/\/archive.sana.sy\/es\/index.php?rest_route=%2Fwp%2Fv2%2Fcategories&post=138272"},{"taxonomy":"post_tag","embeddable":true,"href":"https:\/\/archive.sana.sy\/es\/index.php?rest_route=%2Fwp%2Fv2%2Ftags&post=138272"}],"curies":[{"name":"wp","href":"https:\/\/api.w.org\/{rel}","templated":true}]}}