{"id":138276,"date":"2020-05-04T11:10:34","date_gmt":"2020-05-04T08:10:34","guid":{"rendered":"http:\/\/sana.sy\/es\/?p=138276"},"modified":"2020-05-04T13:51:10","modified_gmt":"2020-05-04T10:51:10","slug":"syrian-airlines-opera-vuelos-para-repatriar-a-sirios-varados-en-varios-paises","status":"publish","type":"post","link":"https:\/\/archive.sana.sy\/es\/?p=138276","title":{"rendered":"Syrian Airlines opera vuelos para repatriar a sirios varados en varios pa\u00edses"},"content":{"rendered":"<p><span style=\"color: #800000;\">Damasco, SANA <\/span><\/p>\n<p style=\"text-align: justify;\">El Ministerio de Transporte anunci\u00f3 la reanudaci\u00f3n de los vuelos a partir de este lunes para repatriar a los ciudadanos sirios que deseen regresar desde varios pa\u00edses del mundo a Siria.<\/p>\n<p style=\"text-align: justify;\">Un comunicado del ministerio indic\u00f3 que la compa\u00f1\u00eda \u201cSyrian Airlines\u201d comenzar\u00e1 a operar vuelos para repatriar a los ciudadanos sirios que quieran regresar de varios pa\u00edses del mundo a Siria.<\/p>\n<p style=\"text-align: justify;\">\u201cLos vuelos se realizar\u00e1n durante varios d\u00edas bajo procedimientos sanitarios y supervisi\u00f3n m\u00e9dica del Ministerio de Salud de Siria\u201d precis\u00f3 la nota.<\/p>\n<p style=\"text-align: justify;\">Este lunes, \u201cSyrian Airlines\u201d operar\u00e1 un vuelo para repatriar a 250 ciudadanos sirios de Emiratos \u00c1rabes Unidos en un avi\u00f3n \u201cAirbus 340\u201d, a trav\u00e9s del Aeropuerto de Sharjah.<\/p>\n<p style=\"text-align: justify;\">Recientemente, un vuelo de la empresa siria Cham Wings aterriz\u00f3 en el Aeropuerto Internacional de Damasco procedente de Armenia y ten\u00eda a abordo a varios sirios que estaban varados debido a la suspensi\u00f3n de los vuelos internacionales por la pandemia del nuevo Coronavirus.<\/p>\n<p><span style=\"color: #0000ff;\">RR\/ FM<\/span><\/p>\n","protected":false},"excerpt":{"rendered":"<p>Damasco, SANA El Ministerio de Transporte anunci\u00f3 la reanudaci\u00f3n de los vuelos a partir de este lunes para repatriar a los ciudadanos sirios que deseen regresar desde varios pa\u00edses del mundo a Siria. Un comunicado del ministerio indic\u00f3 que la compa\u00f1\u00eda \u201cSyrian Airlines\u201d comenzar\u00e1 a operar vuelos para repatriar a los ciudadanos sirios que quieran &hellip;<\/p>\n","protected":false},"author":31,"featured_media":138277,"comment_status":"closed","ping_status":"closed","sticky":false,"template":"","format":"standard","meta":{"footnotes":""},"categories":[597,476,7541],"tags":[],"class_list":["post-138276","post","type-post","status-publish","format-standard","has-post-thumbnail","","category-cinta-de-noticias","category-locales","category-ultimas-noticias"],"_links":{"self":[{"href":"https:\/\/archive.sana.sy\/es\/index.php?rest_route=\/wp\/v2\/posts\/138276"}],"collection":[{"href":"https:\/\/archive.sana.sy\/es\/index.php?rest_route=\/wp\/v2\/posts"}],"about":[{"href":"https:\/\/archive.sana.sy\/es\/index.php?rest_route=\/wp\/v2\/types\/post"}],"author":[{"embeddable":true,"href":"https:\/\/archive.sana.sy\/es\/index.php?rest_route=\/wp\/v2\/users\/31"}],"replies":[{"embeddable":true,"href":"https:\/\/archive.sana.sy\/es\/index.php?rest_route=%2Fwp%2Fv2%2Fcomments&post=138276"}],"version-history":[{"count":0,"href":"https:\/\/archive.sana.sy\/es\/index.php?rest_route=\/wp\/v2\/posts\/138276\/revisions"}],"wp:featuredmedia":[{"embeddable":true,"href":"https:\/\/archive.sana.sy\/es\/index.php?rest_route=\/wp\/v2\/media\/138277"}],"wp:attachment":[{"href":"https:\/\/archive.sana.sy\/es\/index.php?rest_route=%2Fwp%2Fv2%2Fmedia&parent=138276"}],"wp:term":[{"taxonomy":"category","embeddable":true,"href":"https:\/\/archive.sana.sy\/es\/index.php?rest_route=%2Fwp%2Fv2%2Fcategories&post=138276"},{"taxonomy":"post_tag","embeddable":true,"href":"https:\/\/archive.sana.sy\/es\/index.php?rest_route=%2Fwp%2Fv2%2Ftags&post=138276"}],"curies":[{"name":"wp","href":"https:\/\/api.w.org\/{rel}","templated":true}]}}