{"id":138378,"date":"2020-05-05T11:27:26","date_gmt":"2020-05-05T08:27:26","guid":{"rendered":"http:\/\/sana.sy\/es\/?p=138378"},"modified":"2023-01-12T14:44:25","modified_gmt":"2023-01-12T12:44:25","slug":"presidente-cubano-las-medidas-coercitivas-violan-el-derecho-internacional","status":"publish","type":"post","link":"https:\/\/archive.sana.sy\/es\/?p=138378","title":{"rendered":"Presidente cubano: las medidas coercitivas violan el derecho internacional"},"content":{"rendered":"<p style=\"text-align: justify;\"><span style=\"color: #800000;\"><strong>La Habana, SANA<\/strong><\/span><\/p>\n<p style=\"text-align: justify;\">El presidente cubano, Miguel D\u00edaz Canel, reiter\u00f3 su demanda de levantar las medidas coercitivas unilaterales impuestas por Occidente a algunos pa\u00edses, y afirm\u00f3 que esas medidas violan el derecho internacional y la Carta de las Naciones Unidas y limitan la capacidad de esos pa\u00edses a enfrentar efectivamente la pandemia del nuevo \u00a0Coronavirus.<\/p>\n<p style=\"text-align: justify;\">En un discurso por teleconferencia durante la cumbre de los pa\u00edses no alineados sobre la pandemia del Coronavirus, el mandatario cubano dijo que &#8220;la pandemia ha demostrado la debilidad de un mundo agrietado y excluyente&#8221;, y destac\u00f3 que las m\u00faltiples crisis que surgen de este virus hoy advierten sobre &#8220;efectos devastadores y a largo plazo&#8221; sobre la econom\u00eda y todos los aspectos de la vida.<\/p>\n<p style=\"text-align: justify;\">Conden\u00f3 las recientes y graves amenazas militares lanzadas por el gobierno de los Estados Unidos contra la Rep\u00fablica de Venezuela y ratific\u00f3 una vez m\u00e1s la solidaridad de su pa\u00eds con el pueblo y el gobierno de Nicaragua.<\/p>\n<p style=\"text-align: justify;\">El presidente cubano denunci\u00f3 la agresi\u00f3n de Estados Unidos contra el multilateralismo y su amenaza injusta a las organizaciones internacionales, especialmente a la Organizaci\u00f3n Mundial de la Salud.<\/p>\n<p style=\"text-align: justify;\"><span style=\"color: #0000ff;\"><strong>F.M<\/strong><\/span><\/p>\n","protected":false},"excerpt":{"rendered":"<p>La Habana, SANA El presidente cubano, Miguel D\u00edaz Canel, reiter\u00f3 su demanda de levantar las medidas coercitivas unilaterales impuestas por Occidente a algunos pa\u00edses, y afirm\u00f3 que esas medidas violan el derecho internacional y la Carta de las Naciones Unidas y limitan la capacidad de esos pa\u00edses a enfrentar efectivamente la pandemia del nuevo \u00a0Coronavirus. &hellip;<\/p>\n","protected":false},"author":34,"featured_media":138376,"comment_status":"closed","ping_status":"closed","sticky":false,"template":"","format":"standard","meta":{"footnotes":""},"categories":[597,456],"tags":[],"class_list":["post-138378","post","type-post","status-publish","format-standard","has-post-thumbnail","","category-cinta-de-noticias","category-arabe-internacional-politica"],"_links":{"self":[{"href":"https:\/\/archive.sana.sy\/es\/index.php?rest_route=\/wp\/v2\/posts\/138378"}],"collection":[{"href":"https:\/\/archive.sana.sy\/es\/index.php?rest_route=\/wp\/v2\/posts"}],"about":[{"href":"https:\/\/archive.sana.sy\/es\/index.php?rest_route=\/wp\/v2\/types\/post"}],"author":[{"embeddable":true,"href":"https:\/\/archive.sana.sy\/es\/index.php?rest_route=\/wp\/v2\/users\/34"}],"replies":[{"embeddable":true,"href":"https:\/\/archive.sana.sy\/es\/index.php?rest_route=%2Fwp%2Fv2%2Fcomments&post=138378"}],"version-history":[{"count":0,"href":"https:\/\/archive.sana.sy\/es\/index.php?rest_route=\/wp\/v2\/posts\/138378\/revisions"}],"wp:featuredmedia":[{"embeddable":true,"href":"https:\/\/archive.sana.sy\/es\/index.php?rest_route=\/wp\/v2\/media\/138376"}],"wp:attachment":[{"href":"https:\/\/archive.sana.sy\/es\/index.php?rest_route=%2Fwp%2Fv2%2Fmedia&parent=138378"}],"wp:term":[{"taxonomy":"category","embeddable":true,"href":"https:\/\/archive.sana.sy\/es\/index.php?rest_route=%2Fwp%2Fv2%2Fcategories&post=138378"},{"taxonomy":"post_tag","embeddable":true,"href":"https:\/\/archive.sana.sy\/es\/index.php?rest_route=%2Fwp%2Fv2%2Ftags&post=138378"}],"curies":[{"name":"wp","href":"https:\/\/api.w.org\/{rel}","templated":true}]}}