{"id":138417,"date":"2020-05-05T14:32:41","date_gmt":"2020-05-05T11:32:41","guid":{"rendered":"http:\/\/sana.sy\/es\/?p=138417"},"modified":"2023-01-10T15:23:49","modified_gmt":"2023-01-10T13:23:49","slug":"notable-recuperacion-del-sector-agricola-en-alepo","status":"publish","type":"post","link":"https:\/\/archive.sana.sy\/es\/?p=138417","title":{"rendered":"Notable recuperaci\u00f3n del sector agr\u00edcola en Alepo"},"content":{"rendered":"<p style=\"text-align: justify;\"><span style=\"color: #800000;\">Alepo, SANA<\/span><\/p>\n<p style=\"text-align: justify;\">En la provincia norte\u00f1a de Alepo, m\u00e1s de 112 mil hect\u00e1reas fueron sembradas con trigo en regad\u00edo con una tasa de implementaci\u00f3n del 75 por ciento, mientras casi 163 mil hect\u00e1reas fueron sembradas con trigo en secano con una tasa de ejecuci\u00f3n del 88 por ciento.<\/p>\n<p style=\"text-align: justify;\">Asimismo, se cultivaron 381 mil hect\u00e1reas de cebada en secano, con una implementaci\u00f3n del 96 por ciento.<br \/>\nEl cultivo de trigo y cebada se distribuye en todas las \u00e1reas de la provincia, sobre todo en las localidades de Al-Bab, Manbej, Azaz, Saman y Deir Hafir.<\/p>\n<p style=\"text-align: justify;\">El cultivo de olivos se concentra en el norte y oeste de la provincia, y cuenta con 23 millones de \u00e1rboles.<br \/>\nSe prev\u00e9 cultivar 11 mil hect\u00e1reas de algod\u00f3n este a\u00f1o.<\/p>\n<p style=\"text-align: justify;\">El cultivo de vegetales se concentra en las zonas de al-Sfera y Deir Hafer en el sur y este de Alepo, donde se asignaron cuatro mil hect\u00e1reas para sembrar tomate, pepino, calabac\u00edn y berenjenas, adem\u00e1s de 3700 hect\u00e1reas para cultivar papas.<\/p>\n<p>&nbsp;<\/p>\n<p style=\"text-align: justify;\">L.A.\/ F.M.<\/p>\n","protected":false},"excerpt":{"rendered":"<p>Alepo, SANA En la provincia norte\u00f1a de Alepo, m\u00e1s de 112 mil hect\u00e1reas fueron sembradas con trigo en regad\u00edo con una tasa de implementaci\u00f3n del 75 por ciento, mientras casi 163 mil hect\u00e1reas fueron sembradas con trigo en secano con una tasa de ejecuci\u00f3n del 88 por ciento. Asimismo, se cultivaron 381 mil hect\u00e1reas de &hellip;<\/p>\n","protected":false},"author":24,"featured_media":138418,"comment_status":"closed","ping_status":"closed","sticky":false,"template":"","format":"standard","meta":{"footnotes":""},"categories":[597,16686,485,7541],"tags":[],"class_list":["post-138417","post","type-post","status-publish","format-standard","has-post-thumbnail","","category-cinta-de-noticias","category-economia","category-informes-negocios-y-finanzas","category-ultimas-noticias"],"_links":{"self":[{"href":"https:\/\/archive.sana.sy\/es\/index.php?rest_route=\/wp\/v2\/posts\/138417"}],"collection":[{"href":"https:\/\/archive.sana.sy\/es\/index.php?rest_route=\/wp\/v2\/posts"}],"about":[{"href":"https:\/\/archive.sana.sy\/es\/index.php?rest_route=\/wp\/v2\/types\/post"}],"author":[{"embeddable":true,"href":"https:\/\/archive.sana.sy\/es\/index.php?rest_route=\/wp\/v2\/users\/24"}],"replies":[{"embeddable":true,"href":"https:\/\/archive.sana.sy\/es\/index.php?rest_route=%2Fwp%2Fv2%2Fcomments&post=138417"}],"version-history":[{"count":0,"href":"https:\/\/archive.sana.sy\/es\/index.php?rest_route=\/wp\/v2\/posts\/138417\/revisions"}],"wp:featuredmedia":[{"embeddable":true,"href":"https:\/\/archive.sana.sy\/es\/index.php?rest_route=\/wp\/v2\/media\/138418"}],"wp:attachment":[{"href":"https:\/\/archive.sana.sy\/es\/index.php?rest_route=%2Fwp%2Fv2%2Fmedia&parent=138417"}],"wp:term":[{"taxonomy":"category","embeddable":true,"href":"https:\/\/archive.sana.sy\/es\/index.php?rest_route=%2Fwp%2Fv2%2Fcategories&post=138417"},{"taxonomy":"post_tag","embeddable":true,"href":"https:\/\/archive.sana.sy\/es\/index.php?rest_route=%2Fwp%2Fv2%2Ftags&post=138417"}],"curies":[{"name":"wp","href":"https:\/\/api.w.org\/{rel}","templated":true}]}}