{"id":138431,"date":"2020-05-06T09:09:44","date_gmt":"2020-05-06T06:09:44","guid":{"rendered":"http:\/\/sana.sy\/es\/?p=138431"},"modified":"2023-01-12T14:44:24","modified_gmt":"2023-01-12T12:44:24","slug":"mueres-tres-efectivos-de-la-guardia-revolucionaria-irani-en-una-escaramuza","status":"publish","type":"post","link":"https:\/\/archive.sana.sy\/es\/?p=138431","title":{"rendered":"Mueren tres efectivos de la Guardia Revolucionaria Iran\u00ed en una escaramuza"},"content":{"rendered":"<p><span style=\"color: #800000;\">Teher\u00e1n, SANA<\/span><\/p>\n<p style=\"text-align: justify;\">Tres efectivos de la Guardia Revolucionaria de Ir\u00e1n perdieron la vida en un enfrentamiento con un grupo terrorista en la provincia occidental de Kurdist\u00e1n.<\/p>\n<p style=\"text-align: justify;\">El Departamento de Relaciones P\u00fablicas en la Guardia Revolucionaria detall\u00f3 que una fuerza entabl\u00f3 combate con elementos terroristas en la regi\u00f3n de Diowandra, lo cual provoc\u00f3 la muerte de tres miembros de la Guardia, y bajas en la agrupaci\u00f3n hostil, seg\u00fan inform\u00f3 la agencia noticiosa iran\u00ed IRNA.<\/p>\n<p><span style=\"color: #0000ff;\">RSH\/ FM<\/span><\/p>\n","protected":false},"excerpt":{"rendered":"<p>Teher\u00e1n, SANA Tres efectivos de la Guardia Revolucionaria de Ir\u00e1n perdieron la vida en un enfrentamiento con un grupo terrorista en la provincia occidental de Kurdist\u00e1n. El Departamento de Relaciones P\u00fablicas en la Guardia Revolucionaria detall\u00f3 que una fuerza entabl\u00f3 combate con elementos terroristas en la regi\u00f3n de Diowandra, lo cual provoc\u00f3 la muerte de &hellip;<\/p>\n","protected":false},"author":31,"featured_media":138432,"comment_status":"closed","ping_status":"closed","sticky":false,"template":"","format":"standard","meta":{"footnotes":""},"categories":[597,456],"tags":[],"class_list":["post-138431","post","type-post","status-publish","format-standard","has-post-thumbnail","","category-cinta-de-noticias","category-arabe-internacional-politica"],"_links":{"self":[{"href":"https:\/\/archive.sana.sy\/es\/index.php?rest_route=\/wp\/v2\/posts\/138431"}],"collection":[{"href":"https:\/\/archive.sana.sy\/es\/index.php?rest_route=\/wp\/v2\/posts"}],"about":[{"href":"https:\/\/archive.sana.sy\/es\/index.php?rest_route=\/wp\/v2\/types\/post"}],"author":[{"embeddable":true,"href":"https:\/\/archive.sana.sy\/es\/index.php?rest_route=\/wp\/v2\/users\/31"}],"replies":[{"embeddable":true,"href":"https:\/\/archive.sana.sy\/es\/index.php?rest_route=%2Fwp%2Fv2%2Fcomments&post=138431"}],"version-history":[{"count":0,"href":"https:\/\/archive.sana.sy\/es\/index.php?rest_route=\/wp\/v2\/posts\/138431\/revisions"}],"wp:featuredmedia":[{"embeddable":true,"href":"https:\/\/archive.sana.sy\/es\/index.php?rest_route=\/wp\/v2\/media\/138432"}],"wp:attachment":[{"href":"https:\/\/archive.sana.sy\/es\/index.php?rest_route=%2Fwp%2Fv2%2Fmedia&parent=138431"}],"wp:term":[{"taxonomy":"category","embeddable":true,"href":"https:\/\/archive.sana.sy\/es\/index.php?rest_route=%2Fwp%2Fv2%2Fcategories&post=138431"},{"taxonomy":"post_tag","embeddable":true,"href":"https:\/\/archive.sana.sy\/es\/index.php?rest_route=%2Fwp%2Fv2%2Ftags&post=138431"}],"curies":[{"name":"wp","href":"https:\/\/api.w.org\/{rel}","templated":true}]}}