{"id":138461,"date":"2020-05-06T17:05:22","date_gmt":"2020-05-06T14:05:22","guid":{"rendered":"http:\/\/sana.sy\/es\/?p=138461"},"modified":"2023-01-12T14:44:24","modified_gmt":"2023-01-12T12:44:24","slug":"presidencia-palestina-condena-decision-israeli-de-expropiar-tierras-en-cisjordania","status":"publish","type":"post","link":"https:\/\/archive.sana.sy\/es\/?p=138461","title":{"rendered":"Presidencia Palestina condena decisi\u00f3n israel\u00ed de expropiar tierras en Cisjordania"},"content":{"rendered":"<p><span style=\"color: #800000;\">Jerusal\u00e9n ocupada, SANA<\/span><\/p>\n<p style=\"text-align: justify;\">La Presidencia palestina reiter\u00f3 su rechazo y condena a las declaraciones estadounidenses que respaldan los planes de la ocupaci\u00f3n israel\u00ed para anexar m\u00e1s tierras palestinas en Cisjordania.<\/p>\n<p style=\"text-align: justify;\">Destac\u00f3 que la posici\u00f3n estadounidense representa una extensi\u00f3n de apoyo al completo de la ocupaci\u00f3n y sus pr\u00e1cticas coloniales contra los derechos del pueblo palestino.<\/p>\n<p style=\"text-align: justify;\">El portavoz presidencial palestino, Nabil Abu Rudeina, conden\u00f3 las declaraciones del embajador estadounidense ante la entidad de ocupaci\u00f3n israel\u00ed, David Friedman, quien expres\u00f3, anteriormente, que el plan de anexi\u00f3n es una &#8220;decisi\u00f3n israel\u00ed&#8221;.<\/p>\n<p style=\"text-align: justify;\">Al respecto, Rudeina expres\u00f3 que el anuncio de anexi\u00f3n se enmarca en el llamado &#8220;acuerdo estadounidense del siglo&#8221; que fue rechazado por los palestinos y el mundo entero.<\/p>\n<p style=\"text-align: justify;\">El vocero palestino agreg\u00f3 que ni Estados Unidos ni la ocupaci\u00f3n israel\u00ed tienen derecho a robar los derechos del pueblo palestino.<\/p>\n<p style=\"text-align: justify;\">Abu Rudeina tambi\u00e9n conden\u00f3 el anuncio de las autoridades de ocupaci\u00f3n israel\u00edes de un nuevo plan de asentamiento para establecer miles de unidades de asentamiento entre Bel\u00e9n y Hebr\u00f3n, en Cisjordania.<\/p>\n<p style=\"text-align: justify;\">Se\u00f1al\u00f3 que ello viola las resoluciones de legitimidad internacional y constituye un ataque flagrante contra los derechos del pueblo palestino.<\/p>\n<p>M.M<\/p>\n","protected":false},"excerpt":{"rendered":"<p>Jerusal\u00e9n ocupada, SANA La Presidencia palestina reiter\u00f3 su rechazo y condena a las declaraciones estadounidenses que respaldan los planes de la ocupaci\u00f3n israel\u00ed para anexar m\u00e1s tierras palestinas en Cisjordania. Destac\u00f3 que la posici\u00f3n estadounidense representa una extensi\u00f3n de apoyo al completo de la ocupaci\u00f3n y sus pr\u00e1cticas coloniales contra los derechos del pueblo palestino. &hellip;<\/p>\n","protected":false},"author":36,"featured_media":138462,"comment_status":"closed","ping_status":"closed","sticky":false,"template":"","format":"standard","meta":{"footnotes":""},"categories":[597,456,457],"tags":[1494],"class_list":["post-138461","post","type-post","status-publish","format-standard","has-post-thumbnail","","category-cinta-de-noticias","category-arabe-internacional-politica","category-noticias-arabe-internacional-politica","tag-palestina"],"_links":{"self":[{"href":"https:\/\/archive.sana.sy\/es\/index.php?rest_route=\/wp\/v2\/posts\/138461"}],"collection":[{"href":"https:\/\/archive.sana.sy\/es\/index.php?rest_route=\/wp\/v2\/posts"}],"about":[{"href":"https:\/\/archive.sana.sy\/es\/index.php?rest_route=\/wp\/v2\/types\/post"}],"author":[{"embeddable":true,"href":"https:\/\/archive.sana.sy\/es\/index.php?rest_route=\/wp\/v2\/users\/36"}],"replies":[{"embeddable":true,"href":"https:\/\/archive.sana.sy\/es\/index.php?rest_route=%2Fwp%2Fv2%2Fcomments&post=138461"}],"version-history":[{"count":0,"href":"https:\/\/archive.sana.sy\/es\/index.php?rest_route=\/wp\/v2\/posts\/138461\/revisions"}],"wp:featuredmedia":[{"embeddable":true,"href":"https:\/\/archive.sana.sy\/es\/index.php?rest_route=\/wp\/v2\/media\/138462"}],"wp:attachment":[{"href":"https:\/\/archive.sana.sy\/es\/index.php?rest_route=%2Fwp%2Fv2%2Fmedia&parent=138461"}],"wp:term":[{"taxonomy":"category","embeddable":true,"href":"https:\/\/archive.sana.sy\/es\/index.php?rest_route=%2Fwp%2Fv2%2Fcategories&post=138461"},{"taxonomy":"post_tag","embeddable":true,"href":"https:\/\/archive.sana.sy\/es\/index.php?rest_route=%2Fwp%2Fv2%2Ftags&post=138461"}],"curies":[{"name":"wp","href":"https:\/\/api.w.org\/{rel}","templated":true}]}}