{"id":138464,"date":"2020-05-06T17:34:10","date_gmt":"2020-05-06T14:34:10","guid":{"rendered":"http:\/\/sana.sy\/es\/?p=138464"},"modified":"2023-01-12T14:44:24","modified_gmt":"2023-01-12T12:44:24","slug":"ocupacion-israeli-proyecta-construir-nuevos-asentamientos-en-cisjordania","status":"publish","type":"post","link":"https:\/\/archive.sana.sy\/es\/?p=138464","title":{"rendered":"Ocupaci\u00f3n israel\u00ed proyecta construir nuevos asentamientos en Cisjordania"},"content":{"rendered":"<p><span style=\"color: #800000;\">Jerusal\u00e9n ocupada<\/span><\/p>\n<p style=\"text-align: justify;\">La agencia de prensa palestina Maan inform\u00f3 que las autoridades de ocupaci\u00f3n israel\u00edes intensifican la ejecuci\u00f3n de sus planes coloniales y expansionistas en el sur de Cisjordania.<\/p>\n<p style=\"text-align: justify;\">Seg\u00fan trascendidos informativos, las autoridades sionistas anunciaron un nuevo plan para establecer 7 mil viviendas en terrenos palestinos, adem\u00e1s y expandir un asentamiento ubicado al sur de la Jerusal\u00e9n ocupada entre Bel\u00e9n y Hebr\u00f3n.<\/p>\n<p style=\"text-align: justify;\">La fuente inform\u00f3 que el nuevo plan conducir\u00e1 a la confiscaci\u00f3n de mil 100 hect\u00e1reas de tierras palestinas.<\/p>\n<p style=\"text-align: justify;\">Las autoridades de ocupaci\u00f3n israel\u00edes anunciaron a principios de este mes un plan para confiscar tierras palestinas en las cercan\u00edas de la mezquita Ibrahimi en la ciudad de Hebr\u00f3n para establecer nuevos bloques de asentamiento.<\/p>\n<p>M.M<\/p>\n","protected":false},"excerpt":{"rendered":"<p>Jerusal\u00e9n ocupada La agencia de prensa palestina Maan inform\u00f3 que las autoridades de ocupaci\u00f3n israel\u00edes intensifican la ejecuci\u00f3n de sus planes coloniales y expansionistas en el sur de Cisjordania. Seg\u00fan trascendidos informativos, las autoridades sionistas anunciaron un nuevo plan para establecer 7 mil viviendas en terrenos palestinos, adem\u00e1s y expandir un asentamiento ubicado al sur &hellip;<\/p>\n","protected":false},"author":36,"featured_media":138465,"comment_status":"closed","ping_status":"closed","sticky":false,"template":"","format":"standard","meta":{"footnotes":""},"categories":[597,456,457],"tags":[],"class_list":["post-138464","post","type-post","status-publish","format-standard","has-post-thumbnail","","category-cinta-de-noticias","category-arabe-internacional-politica","category-noticias-arabe-internacional-politica"],"_links":{"self":[{"href":"https:\/\/archive.sana.sy\/es\/index.php?rest_route=\/wp\/v2\/posts\/138464"}],"collection":[{"href":"https:\/\/archive.sana.sy\/es\/index.php?rest_route=\/wp\/v2\/posts"}],"about":[{"href":"https:\/\/archive.sana.sy\/es\/index.php?rest_route=\/wp\/v2\/types\/post"}],"author":[{"embeddable":true,"href":"https:\/\/archive.sana.sy\/es\/index.php?rest_route=\/wp\/v2\/users\/36"}],"replies":[{"embeddable":true,"href":"https:\/\/archive.sana.sy\/es\/index.php?rest_route=%2Fwp%2Fv2%2Fcomments&post=138464"}],"version-history":[{"count":0,"href":"https:\/\/archive.sana.sy\/es\/index.php?rest_route=\/wp\/v2\/posts\/138464\/revisions"}],"wp:featuredmedia":[{"embeddable":true,"href":"https:\/\/archive.sana.sy\/es\/index.php?rest_route=\/wp\/v2\/media\/138465"}],"wp:attachment":[{"href":"https:\/\/archive.sana.sy\/es\/index.php?rest_route=%2Fwp%2Fv2%2Fmedia&parent=138464"}],"wp:term":[{"taxonomy":"category","embeddable":true,"href":"https:\/\/archive.sana.sy\/es\/index.php?rest_route=%2Fwp%2Fv2%2Fcategories&post=138464"},{"taxonomy":"post_tag","embeddable":true,"href":"https:\/\/archive.sana.sy\/es\/index.php?rest_route=%2Fwp%2Fv2%2Ftags&post=138464"}],"curies":[{"name":"wp","href":"https:\/\/api.w.org\/{rel}","templated":true}]}}