{"id":138554,"date":"2020-05-07T18:38:55","date_gmt":"2020-05-07T15:38:55","guid":{"rendered":"http:\/\/sana.sy\/es\/?p=138554"},"modified":"2020-05-07T19:08:25","modified_gmt":"2020-05-07T16:08:25","slug":"ocupacion-turca-practica-el-desplazamiento-forzado-sistematico-en-hasakeh","status":"publish","type":"post","link":"https:\/\/archive.sana.sy\/es\/?p=138554","title":{"rendered":"El ocupante turco prosigue pol\u00edtica de desplazamiento forzado y sistem\u00e1tico en Hasakeh, Siria"},"content":{"rendered":"<p style=\"text-align: justify;\"><span style=\"color: #800000;\"><strong>Hasakeh, SANA<\/strong><\/span><\/p>\n<p style=\"text-align: justify;\">Las fuerzas de ocupaci\u00f3n turcas y sus mercenarios terroristas prosiguen su pol\u00edtica de desplazamiento forzado y sistem\u00e1tico a los ciudadanos en las zonas bajo su ocupaci\u00f3n, en la provincia de Hasakeh.<\/p>\n<p style=\"text-align: justify;\">Dichas fuerzas proceden tambi\u00e9n a cometer cr\u00edmenes de asesinato y secuestro a los pobladores, adem\u00e1s de saquear sus propiedades.<\/p>\n<p style=\"text-align: justify;\">Seg\u00fan recientes datos del Departamento de Asuntos Sociales y Trabajo de Hasakeh, alrededor de 50 mil habitantes de las localidades norte\u00f1as de la provincia son desplazados y viven en centros de alojamiento temporales.<\/p>\n<p style=\"text-align: justify;\">En el municipio de Ras Al-Ain, cientos de familias de mercenarios proturcos ocuparon las casas de los civiles desplazados en un intento de hacer cambio demogr\u00e1fico en la zona.<\/p>\n<p style=\"text-align: justify;\">Por otro lado, el ocupante prosigue su pol\u00edtica de turquizaci\u00f3n en las localidades ocupadas al imponer nombres turcos a los parques, las calles y las escuelas, adem\u00e1s de influir en el sistema educativos y de servicios.<\/p>\n<p style=\"text-align: justify;\"><span style=\"color: #0000ff;\"><strong>Y.K\/F.M\/A.H<\/strong><\/span><\/p>\n","protected":false},"excerpt":{"rendered":"<p>Hasakeh, SANA Las fuerzas de ocupaci\u00f3n turcas y sus mercenarios terroristas prosiguen su pol\u00edtica de desplazamiento forzado y sistem\u00e1tico a los ciudadanos en las zonas bajo su ocupaci\u00f3n, en la provincia de Hasakeh. Dichas fuerzas proceden tambi\u00e9n a cometer cr\u00edmenes de asesinato y secuestro a los pobladores, adem\u00e1s de saquear sus propiedades. Seg\u00fan recientes datos &hellip;<\/p>\n","protected":false},"author":1,"featured_media":122573,"comment_status":"closed","ping_status":"closed","sticky":false,"template":"","format":"standard","meta":{"footnotes":""},"categories":[597,573,7541],"tags":[17758,6553],"class_list":["post-138554","post","type-post","status-publish","format-standard","has-post-thumbnail","","category-cinta-de-noticias","category-la-realidad-de-los-acontecimientos-en-siria","category-ultimas-noticias","tag-el-ocupante-turco-prosigue-politica-de-desplazamiento-forzado-y-sistematico-en-hasakeh","tag-siria"],"_links":{"self":[{"href":"https:\/\/archive.sana.sy\/es\/index.php?rest_route=\/wp\/v2\/posts\/138554"}],"collection":[{"href":"https:\/\/archive.sana.sy\/es\/index.php?rest_route=\/wp\/v2\/posts"}],"about":[{"href":"https:\/\/archive.sana.sy\/es\/index.php?rest_route=\/wp\/v2\/types\/post"}],"author":[{"embeddable":true,"href":"https:\/\/archive.sana.sy\/es\/index.php?rest_route=\/wp\/v2\/users\/1"}],"replies":[{"embeddable":true,"href":"https:\/\/archive.sana.sy\/es\/index.php?rest_route=%2Fwp%2Fv2%2Fcomments&post=138554"}],"version-history":[{"count":0,"href":"https:\/\/archive.sana.sy\/es\/index.php?rest_route=\/wp\/v2\/posts\/138554\/revisions"}],"wp:featuredmedia":[{"embeddable":true,"href":"https:\/\/archive.sana.sy\/es\/index.php?rest_route=\/wp\/v2\/media\/122573"}],"wp:attachment":[{"href":"https:\/\/archive.sana.sy\/es\/index.php?rest_route=%2Fwp%2Fv2%2Fmedia&parent=138554"}],"wp:term":[{"taxonomy":"category","embeddable":true,"href":"https:\/\/archive.sana.sy\/es\/index.php?rest_route=%2Fwp%2Fv2%2Fcategories&post=138554"},{"taxonomy":"post_tag","embeddable":true,"href":"https:\/\/archive.sana.sy\/es\/index.php?rest_route=%2Fwp%2Fv2%2Ftags&post=138554"}],"curies":[{"name":"wp","href":"https:\/\/api.w.org\/{rel}","templated":true}]}}