{"id":138560,"date":"2020-05-07T19:11:18","date_gmt":"2020-05-07T16:11:18","guid":{"rendered":"http:\/\/sana.sy\/es\/?p=138560"},"modified":"2020-05-07T19:57:17","modified_gmt":"2020-05-07T16:57:17","slug":"avion-que-transporta-sirios-atrapados-en-egipto-aterriza-en-damasco","status":"publish","type":"post","link":"https:\/\/archive.sana.sy\/es\/?p=138560","title":{"rendered":"Arriba al pa\u00eds un avi\u00f3n con 230 sirios que estaban atrapados en Egipto"},"content":{"rendered":"<p style=\"text-align: justify;\"><span style=\"color: #800000;\"><strong>Damasco, SANA<\/strong><\/span><\/p>\n<p style=\"text-align: justify;\">Un avi\u00f3n de la Compa\u00f1\u00eda Syrian Airlines con 232 sirios abordo, aterriz\u00f3 hoy en el Aeropuerto Internacional de Damasco.<\/p>\n<p style=\"text-align: justify;\">\u201cLa aeronave proven\u00eda de El Cairo y llevaba a bordo 218 connacionales, entre ellos 14 lactantes, que estaban atrapados en Egipto\u201d inform\u00f3 el Ministerio de Transporte en un comunicado.<\/p>\n<p style=\"text-align: justify;\">La nota precis\u00f3 que m\u00e1s aviones arribar\u00e1n al pa\u00eds en los pr\u00f3ximos d\u00edas para repatriar a los sirios varados en el exterior, en cumplimiento de las instrucciones del equipo gubernamental a cargo del plan de enfrentar la pandemia del nuevo coronavirus.<\/p>\n<p style=\"text-align: justify;\">Por su parte, la Directora de Salud de Damasco, Hazar Raef, se\u00f1al\u00f3 que los pasajeros del avi\u00f3n ser\u00e1n trasladados a los centros de cuarentena donde permanecer\u00e1n 14 d\u00edas para asegurar que no est\u00e1n infectados.<\/p>\n<p style=\"text-align: justify;\">El pasado martes, un avi\u00f3n Airbus 340 de la compa\u00f1\u00eda \u201cSyrian Airlines\u201d procedente de la ciudad de Sharjah en Emiratos Arabes Unidos aterriz\u00f3 en el Aeropuerto Internacional de Damasco con 251 ciudadanos sirios abordo.<\/p>\n<p style=\"text-align: justify;\">En d\u00edas anteriores, otros aviones hab\u00edan arribado al pa\u00eds procedentes de Armenia y Rusia, donde los connacionales fueron trasladados de inmediato a los centros de Cuarentena.<\/p>\n<p style=\"text-align: justify;\">El Gobierno sirio tom\u00f3 la decisi\u00f3n de operar vuelos para los sirios varados en el exterior y que deseen volver a la patria a condici\u00f3n de someterse a 14 d\u00edas de cuarentena obligatoria.<\/p>\n<p style=\"text-align: justify;\"><span style=\"color: #0000ff;\"><strong>Y.K\/ F. M.\/ A. H.<\/strong><\/span><\/p>\n<p>Actual\u00edzate m\u00e1s:<br \/>\n<a href=\"https:\/\/www.facebook.com\/Agencia.SANA\/?__tn__=K-R&amp;eid=ARA28gOP5akqeV3ttXr1tslydNqTwjamXgv_eKrCEWs3M2Fkv-dndVvK24EAs0H02WzFbK3Y2rDwFGdV&amp;fref=mentions&amp;__xts__%5B0%5D=68.ARCfnXeSahMMGSy_HjEOBmt-XvRHji2RpWEkOhZVUk8-Qe4l9qWC5SF8ok8ZIdRYKaZTRIrWtVCdHgKVl6WVLwG4_OoD3wHB8ySeZFcKM0y50KiqS54QHqx4soJOLpZz4UCpZjgHqq3LONi3A6WxZiSPt4KIX3fS5ao84puoC4KO8TFC4s1QgC_f4zgfn0QgPJmfmKq2ItetduG1PAMZFHOQ_msdI-w4WWTJ8eiMDuNSgl2tKHiPivh3WPAzN_jWnmwSiQD-yezpWKmGEy-11MLNUgkWhuckmo7a4r7uT1xAtcX_AHouLDBACKRftTxU9SNY\" target=\"_blank\" rel=\"nofollow noopener noreferrer\" data-saferedirecturl=\"https:\/\/www.google.com\/url?q=https:\/\/www.facebook.com\/Agencia.SANA\/?__tn__%3DK-R%26eid%3DARA28gOP5akqeV3ttXr1tslydNqTwjamXgv_eKrCEWs3M2Fkv-dndVvK24EAs0H02WzFbK3Y2rDwFGdV%26fref%3Dmentions%26__xts__%255B0%255D%3D68.ARCfnXeSahMMGSy_HjEOBmt-XvRHji2RpWEkOhZVUk8-Qe4l9qWC5SF8ok8ZIdRYKaZTRIrWtVCdHgKVl6WVLwG4_OoD3wHB8ySeZFcKM0y50KiqS54QHqx4soJOLpZz4UCpZjgHqq3LONi3A6WxZiSPt4KIX3fS5ao84puoC4KO8TFC4s1QgC_f4zgfn0QgPJmfmKq2ItetduG1PAMZFHOQ_msdI-w4WWTJ8eiMDuNSgl2tKHiPivh3WPAzN_jWnmwSiQD-yezpWKmGEy-11MLNUgkWhuckmo7a4r7uT1xAtcX_AHouLDBACKRftTxU9SNY&amp;source=gmail&amp;ust=1588956690667000&amp;usg=AFQjCNEovLVy9JDuOhja2MO4xkbIsGK1mA\">https:\/\/www.facebook.com\/<wbr \/>Agencia.SANA\/<\/a><br \/>\n<a href=\"https:\/\/t.me\/AgenciasiriaSANA?fbclid=IwAR3RmAD5RuQIabGAsNRfaA38Mo2ChU8RHyhtmhNgq9gB-P8wYKz9oLgpxXI\" target=\"_blank\" rel=\"nofollow noopener noreferrer\" data-saferedirecturl=\"https:\/\/www.google.com\/url?q=https:\/\/t.me\/AgenciasiriaSANA?fbclid%3DIwAR3RmAD5RuQIabGAsNRfaA38Mo2ChU8RHyhtmhNgq9gB-P8wYKz9oLgpxXI&amp;source=gmail&amp;ust=1588956690667000&amp;usg=AFQjCNGTN0gpONoJTZLSaqmRj5cPfrgfqA\">https:\/\/t.me\/AgenciasiriaSANA<\/a><br \/>\n<a href=\"https:\/\/l.facebook.com\/l.php?u=https%3A%2F%2Ftwitter.com%2FSanaAgencia%3Ffbclid%3DIwAR1xVa3JxYx_0ZmRcykcbDVapTgbLnELpo59QFfRWEb6_wkKUogvCRjxWXc&amp;h=AT1nMEUj_X_1Xms1KQOxYXED3m_e6cirAaKOD86DzVuJXaLemCJGrkjjcN_j_NpH2jjsxpwhmybi3qdqX9m859yissjVwD8qF5SPXqa9doKjMQklm6x9t2ZxqS9loc7fYglXDkWprinbYdYmVBKYc12iYwvRrek4Q8neCg7JznDAb0Sjc6LbZaKsSMj2YQEa5_kQ6FLOqddlX0McsrlmmrcKY52HmIdVahJKLQJGB8Bvhzge10yOR6AnqixmXEMet1Sv__In7jK_T6Tkzh2yMOwwkUpejiKAmgB-VriZXGRLK3ZC6j_t99nAxlcHbHqwMF9lBUxV8Wt5owcZ6Zd8w8X5Re1L6sVfMwD2e_WDt73tvYvt2SiaOESjZJPGoTC2z6Ac2GuLM4NMgRTIAStXWQ0vXWg1CIWNyjBkyLOG93QvvxNGEj48iiKGPCany3j8j6rR74rzR5QM5HPmIB8C7OWT65feG7nECiVoPbRJGSq7aKKqKzZgNW0pMKnthCqq3_TDRgCmy34tTYvkaKVsTqX_vC7Ghd_Q_qOYUpCbhQCmgDRluLf347ueQc1Cn9lxeLU2to0gd_0ZMZY_CuZvKTpgy8e-Yo1QsVvZ4Q\" target=\"_blank\" rel=\"nofollow noopener noreferrer\" data-saferedirecturl=\"https:\/\/www.google.com\/url?q=https:\/\/l.facebook.com\/l.php?u%3Dhttps%253A%252F%252Ftwitter.com%252FSanaAgencia%253Ffbclid%253DIwAR1xVa3JxYx_0ZmRcykcbDVapTgbLnELpo59QFfRWEb6_wkKUogvCRjxWXc%26h%3DAT1nMEUj_X_1Xms1KQOxYXED3m_e6cirAaKOD86DzVuJXaLemCJGrkjjcN_j_NpH2jjsxpwhmybi3qdqX9m859yissjVwD8qF5SPXqa9doKjMQklm6x9t2ZxqS9loc7fYglXDkWprinbYdYmVBKYc12iYwvRrek4Q8neCg7JznDAb0Sjc6LbZaKsSMj2YQEa5_kQ6FLOqddlX0McsrlmmrcKY52HmIdVahJKLQJGB8Bvhzge10yOR6AnqixmXEMet1Sv__In7jK_T6Tkzh2yMOwwkUpejiKAmgB-VriZXGRLK3ZC6j_t99nAxlcHbHqwMF9lBUxV8Wt5owcZ6Zd8w8X5Re1L6sVfMwD2e_WDt73tvYvt2SiaOESjZJPGoTC2z6Ac2GuLM4NMgRTIAStXWQ0vXWg1CIWNyjBkyLOG93QvvxNGEj48iiKGPCany3j8j6rR74rzR5QM5HPmIB8C7OWT65feG7nECiVoPbRJGSq7aKKqKzZgNW0pMKnthCqq3_TDRgCmy34tTYvkaKVsTqX_vC7Ghd_Q_qOYUpCbhQCmgDRluLf347ueQc1Cn9lxeLU2to0gd_0ZMZY_CuZvKTpgy8e-Yo1QsVvZ4Q&amp;source=gmail&amp;ust=1588956690667000&amp;usg=AFQjCNH_WsvN7u5icYZJd9JdcxI6wF0O_A\">https:\/\/twitter.com\/<wbr \/>SanaAgencia<\/a><\/p>\n","protected":false},"excerpt":{"rendered":"<p>Damasco, SANA Un avi\u00f3n de la Compa\u00f1\u00eda Syrian Airlines con 232 sirios abordo, aterriz\u00f3 hoy en el Aeropuerto Internacional de Damasco. \u201cLa aeronave proven\u00eda de El Cairo y llevaba a bordo 218 connacionales, entre ellos 14 lactantes, que estaban atrapados en Egipto\u201d inform\u00f3 el Ministerio de Transporte en un comunicado. La nota precis\u00f3 que m\u00e1s &hellip;<\/p>\n","protected":false},"author":1,"featured_media":138561,"comment_status":"closed","ping_status":"closed","sticky":false,"template":"","format":"standard","meta":{"footnotes":""},"categories":[476,7541],"tags":[17759],"class_list":["post-138560","post","type-post","status-publish","format-standard","has-post-thumbnail","","category-locales","category-ultimas-noticias","tag-arriba-al-pais-un-avion-con-230-sirios-que-estaban-atrapados-en-egipto"],"_links":{"self":[{"href":"https:\/\/archive.sana.sy\/es\/index.php?rest_route=\/wp\/v2\/posts\/138560"}],"collection":[{"href":"https:\/\/archive.sana.sy\/es\/index.php?rest_route=\/wp\/v2\/posts"}],"about":[{"href":"https:\/\/archive.sana.sy\/es\/index.php?rest_route=\/wp\/v2\/types\/post"}],"author":[{"embeddable":true,"href":"https:\/\/archive.sana.sy\/es\/index.php?rest_route=\/wp\/v2\/users\/1"}],"replies":[{"embeddable":true,"href":"https:\/\/archive.sana.sy\/es\/index.php?rest_route=%2Fwp%2Fv2%2Fcomments&post=138560"}],"version-history":[{"count":0,"href":"https:\/\/archive.sana.sy\/es\/index.php?rest_route=\/wp\/v2\/posts\/138560\/revisions"}],"wp:featuredmedia":[{"embeddable":true,"href":"https:\/\/archive.sana.sy\/es\/index.php?rest_route=\/wp\/v2\/media\/138561"}],"wp:attachment":[{"href":"https:\/\/archive.sana.sy\/es\/index.php?rest_route=%2Fwp%2Fv2%2Fmedia&parent=138560"}],"wp:term":[{"taxonomy":"category","embeddable":true,"href":"https:\/\/archive.sana.sy\/es\/index.php?rest_route=%2Fwp%2Fv2%2Fcategories&post=138560"},{"taxonomy":"post_tag","embeddable":true,"href":"https:\/\/archive.sana.sy\/es\/index.php?rest_route=%2Fwp%2Fv2%2Ftags&post=138560"}],"curies":[{"name":"wp","href":"https:\/\/api.w.org\/{rel}","templated":true}]}}