{"id":138601,"date":"2020-05-08T08:00:10","date_gmt":"2020-05-08T05:00:10","guid":{"rendered":"http:\/\/sana.sy\/es\/?p=138601"},"modified":"2023-01-12T14:44:23","modified_gmt":"2023-01-12T12:44:23","slug":"ejercito-iraqui-abate-a-dos-terroristas-del-daesh-en-mosul","status":"publish","type":"post","link":"https:\/\/archive.sana.sy\/es\/?p=138601","title":{"rendered":"Ej\u00e9rcito iraqu\u00ed abate a dos terroristas del Daesh en Mosul"},"content":{"rendered":"<p style=\"text-align: justify;\"><span style=\"color: #800000;\"><strong>Bagdad, SANA<\/strong><\/span><\/p>\n<p style=\"text-align: justify;\">Las fuerzas iraqu\u00edes anunciaron hoy la eliminaci\u00f3n de dos terroristas del Daesh en una operaci\u00f3n en Mosul, en el norte del pa\u00eds.<\/p>\n<p style=\"text-align: justify;\">El portal de noticias Al-Sumariah difundi\u00f3 que una fuerza conjunta de la decimoquinta divisi\u00f3n y la Inteligencia en N\u00ednive logr\u00f3 liquidar a dos terroristas, uno de ellos es responsable del destacamento de seguridad del Daesh.<\/p>\n<p style=\"text-align: justify;\">Las fuerzas conjuntas iraqu\u00edes anunciaron recientemente la muerte de cinco terroristas, incluido un cabecilla, en la provincia de Anbar, en el oeste de Irak.<\/p>\n<p style=\"text-align: justify;\"><span style=\"color: #0000ff;\"><strong>F. M.\/ A. H.<\/strong><\/span><\/p>\n","protected":false},"excerpt":{"rendered":"<p>Bagdad, SANA Las fuerzas iraqu\u00edes anunciaron hoy la eliminaci\u00f3n de dos terroristas del Daesh en una operaci\u00f3n en Mosul, en el norte del pa\u00eds. El portal de noticias Al-Sumariah difundi\u00f3 que una fuerza conjunta de la decimoquinta divisi\u00f3n y la Inteligencia en N\u00ednive logr\u00f3 liquidar a dos terroristas, uno de ellos es responsable del destacamento &hellip;<\/p>\n","protected":false},"author":30,"featured_media":138602,"comment_status":"closed","ping_status":"closed","sticky":false,"template":"","format":"standard","meta":{"footnotes":""},"categories":[597,456,7541],"tags":[17763],"class_list":["post-138601","post","type-post","status-publish","format-standard","has-post-thumbnail","","category-cinta-de-noticias","category-arabe-internacional-politica","category-ultimas-noticias","tag-ejercito-iraqui-abate-a-dos-terroristas-del-daesh-en-mosul"],"_links":{"self":[{"href":"https:\/\/archive.sana.sy\/es\/index.php?rest_route=\/wp\/v2\/posts\/138601"}],"collection":[{"href":"https:\/\/archive.sana.sy\/es\/index.php?rest_route=\/wp\/v2\/posts"}],"about":[{"href":"https:\/\/archive.sana.sy\/es\/index.php?rest_route=\/wp\/v2\/types\/post"}],"author":[{"embeddable":true,"href":"https:\/\/archive.sana.sy\/es\/index.php?rest_route=\/wp\/v2\/users\/30"}],"replies":[{"embeddable":true,"href":"https:\/\/archive.sana.sy\/es\/index.php?rest_route=%2Fwp%2Fv2%2Fcomments&post=138601"}],"version-history":[{"count":0,"href":"https:\/\/archive.sana.sy\/es\/index.php?rest_route=\/wp\/v2\/posts\/138601\/revisions"}],"wp:featuredmedia":[{"embeddable":true,"href":"https:\/\/archive.sana.sy\/es\/index.php?rest_route=\/wp\/v2\/media\/138602"}],"wp:attachment":[{"href":"https:\/\/archive.sana.sy\/es\/index.php?rest_route=%2Fwp%2Fv2%2Fmedia&parent=138601"}],"wp:term":[{"taxonomy":"category","embeddable":true,"href":"https:\/\/archive.sana.sy\/es\/index.php?rest_route=%2Fwp%2Fv2%2Fcategories&post=138601"},{"taxonomy":"post_tag","embeddable":true,"href":"https:\/\/archive.sana.sy\/es\/index.php?rest_route=%2Fwp%2Fv2%2Ftags&post=138601"}],"curies":[{"name":"wp","href":"https:\/\/api.w.org\/{rel}","templated":true}]}}