{"id":138739,"date":"2020-05-10T09:06:03","date_gmt":"2020-05-10T06:06:03","guid":{"rendered":"http:\/\/sana.sy\/es\/?p=138739"},"modified":"2023-01-10T15:34:38","modified_gmt":"2023-01-10T13:34:38","slug":"siria-en-sintesis-10-de-mayo-2020","status":"publish","type":"post","link":"https:\/\/archive.sana.sy\/es\/?p=138739","title":{"rendered":"Siria en S\u00edntesis, 10 de Mayo 2020"},"content":{"rendered":"<p><span style=\"color: #800000;\"><strong>Damasco, SANA<\/strong><\/span><\/p>\n<p>A continuaci\u00f3n les ofrecemos los titulares de las principales noticias de Siria y la regi\u00f3n difundidas por nuestra redacci\u00f3n en espa\u00f1ol:<\/p>\n<p>???? Sousan: Las sanciones de Occidente son inhumanas y afectan directamente al pueblo sirio.<\/p>\n<p>???? Washington por prolongar su bloqueo y sanciones criminales impuestas a Siria<\/p>\n<p>???? Arriba al pa\u00eds nuevo avi\u00f3n con 250 sirios varados en Sud\u00e1n.<\/p>\n<p>???? Prometedor proyecto de reconstrucci\u00f3n en Homs, Siria.<\/p>\n<p>???? Trenes de pasajeros vuelven gradualmente a funcionar en Alepo, Tartous y Latakia.<\/p>\n<p>???? Terroristas bombardean con cohetes a zonas seguras en el norte de Latakia.<\/p>\n<p>???? Destrucci\u00f3n Sistem\u00e1tica de la infraestructura en Siria por parte de los mercenarios turcos.<\/p>\n<p>???? Rusia celebra 75 aniversario de la victoria sobre el nazismo en la Gran Guerra Patria.<\/p>\n<p><span style=\"color: #0000ff;\"><strong>F.M<\/strong><\/span><\/p>\n<p>&nbsp;<\/p>\n","protected":false},"excerpt":{"rendered":"<p>Damasco, SANA A continuaci\u00f3n les ofrecemos los titulares de las principales noticias de Siria y la regi\u00f3n difundidas por nuestra redacci\u00f3n en espa\u00f1ol: ???? Sousan: Las sanciones de Occidente son inhumanas y afectan directamente al pueblo sirio. ???? Washington por prolongar su bloqueo y sanciones criminales impuestas a Siria ???? Arriba al pa\u00eds nuevo avi\u00f3n &hellip;<\/p>\n","protected":false},"author":34,"featured_media":138659,"comment_status":"closed","ping_status":"closed","sticky":false,"template":"","format":"standard","meta":{"footnotes":""},"categories":[447,555,597],"tags":[],"class_list":["post-138739","post","type-post","status-publish","format-standard","has-post-thumbnail","","category-local-politica","category-prensa","category-cinta-de-noticias"],"_links":{"self":[{"href":"https:\/\/archive.sana.sy\/es\/index.php?rest_route=\/wp\/v2\/posts\/138739"}],"collection":[{"href":"https:\/\/archive.sana.sy\/es\/index.php?rest_route=\/wp\/v2\/posts"}],"about":[{"href":"https:\/\/archive.sana.sy\/es\/index.php?rest_route=\/wp\/v2\/types\/post"}],"author":[{"embeddable":true,"href":"https:\/\/archive.sana.sy\/es\/index.php?rest_route=\/wp\/v2\/users\/34"}],"replies":[{"embeddable":true,"href":"https:\/\/archive.sana.sy\/es\/index.php?rest_route=%2Fwp%2Fv2%2Fcomments&post=138739"}],"version-history":[{"count":0,"href":"https:\/\/archive.sana.sy\/es\/index.php?rest_route=\/wp\/v2\/posts\/138739\/revisions"}],"wp:featuredmedia":[{"embeddable":true,"href":"https:\/\/archive.sana.sy\/es\/index.php?rest_route=\/wp\/v2\/media\/138659"}],"wp:attachment":[{"href":"https:\/\/archive.sana.sy\/es\/index.php?rest_route=%2Fwp%2Fv2%2Fmedia&parent=138739"}],"wp:term":[{"taxonomy":"category","embeddable":true,"href":"https:\/\/archive.sana.sy\/es\/index.php?rest_route=%2Fwp%2Fv2%2Fcategories&post=138739"},{"taxonomy":"post_tag","embeddable":true,"href":"https:\/\/archive.sana.sy\/es\/index.php?rest_route=%2Fwp%2Fv2%2Ftags&post=138739"}],"curies":[{"name":"wp","href":"https:\/\/api.w.org\/{rel}","templated":true}]}}