{"id":138801,"date":"2020-05-10T21:17:32","date_gmt":"2020-05-10T18:17:32","guid":{"rendered":"http:\/\/sana.sy\/es\/?p=138801"},"modified":"2020-05-10T21:18:21","modified_gmt":"2020-05-10T18:18:21","slug":"documento-para-la-labor-de-ministerios-en-tiempos-de-covid-19-aprobado","status":"publish","type":"post","link":"https:\/\/archive.sana.sy\/es\/?p=138801","title":{"rendered":"Gobierno aprueba documento para la labor de Ministerios en tiempos de COVID-19"},"content":{"rendered":"<p style=\"text-align: justify;\"><span style=\"color: #800000;\"><strong>Damasco, SANA<\/strong><\/span><\/p>\n<p style=\"text-align: justify;\">El Consejo de Ministros aprob\u00f3 un documento que incluye una serie de programas y medidas ejecutivas de car\u00e1cter econ\u00f3mico y de servicio.<\/p>\n<p style=\"text-align: justify;\">El documento rige la labor de los ministerios en tiempos de la pandemia del nuevo coronavirus.<\/p>\n<p style=\"text-align: justify;\">Asimismo, el Gabinete aprob\u00f3 una serie de programas relacionadas con la mejora del nivel de vida y la situaci\u00f3n econ\u00f3mica del pa\u00eds.<\/p>\n<p style=\"text-align: justify;\">Tambi\u00e9n fue aprobado un programa que establece los mecanismos de control de precios en los mercados y otro relacionado con la ampliaci\u00f3n de los servicios de protecci\u00f3n social.<\/p>\n<p style=\"text-align: justify;\"><span style=\"color: #0000ff;\">Y.K.\/ F. M.\/ A. H.<\/span><\/p>\n","protected":false},"excerpt":{"rendered":"<p>Damasco, SANA El Consejo de Ministros aprob\u00f3 un documento que incluye una serie de programas y medidas ejecutivas de car\u00e1cter econ\u00f3mico y de servicio. El documento rige la labor de los ministerios en tiempos de la pandemia del nuevo coronavirus. Asimismo, el Gabinete aprob\u00f3 una serie de programas relacionadas con la mejora del nivel de &hellip;<\/p>\n","protected":false},"author":1,"featured_media":138802,"comment_status":"closed","ping_status":"closed","sticky":false,"template":"","format":"standard","meta":{"footnotes":""},"categories":[597,476,7541],"tags":[],"class_list":["post-138801","post","type-post","status-publish","format-standard","has-post-thumbnail","","category-cinta-de-noticias","category-locales","category-ultimas-noticias"],"_links":{"self":[{"href":"https:\/\/archive.sana.sy\/es\/index.php?rest_route=\/wp\/v2\/posts\/138801"}],"collection":[{"href":"https:\/\/archive.sana.sy\/es\/index.php?rest_route=\/wp\/v2\/posts"}],"about":[{"href":"https:\/\/archive.sana.sy\/es\/index.php?rest_route=\/wp\/v2\/types\/post"}],"author":[{"embeddable":true,"href":"https:\/\/archive.sana.sy\/es\/index.php?rest_route=\/wp\/v2\/users\/1"}],"replies":[{"embeddable":true,"href":"https:\/\/archive.sana.sy\/es\/index.php?rest_route=%2Fwp%2Fv2%2Fcomments&post=138801"}],"version-history":[{"count":0,"href":"https:\/\/archive.sana.sy\/es\/index.php?rest_route=\/wp\/v2\/posts\/138801\/revisions"}],"wp:featuredmedia":[{"embeddable":true,"href":"https:\/\/archive.sana.sy\/es\/index.php?rest_route=\/wp\/v2\/media\/138802"}],"wp:attachment":[{"href":"https:\/\/archive.sana.sy\/es\/index.php?rest_route=%2Fwp%2Fv2%2Fmedia&parent=138801"}],"wp:term":[{"taxonomy":"category","embeddable":true,"href":"https:\/\/archive.sana.sy\/es\/index.php?rest_route=%2Fwp%2Fv2%2Fcategories&post=138801"},{"taxonomy":"post_tag","embeddable":true,"href":"https:\/\/archive.sana.sy\/es\/index.php?rest_route=%2Fwp%2Fv2%2Ftags&post=138801"}],"curies":[{"name":"wp","href":"https:\/\/api.w.org\/{rel}","templated":true}]}}