{"id":139174,"date":"2020-05-14T13:13:46","date_gmt":"2020-05-14T10:13:46","guid":{"rendered":"http:\/\/sana.sy\/es\/?p=139174"},"modified":"2023-01-10T15:23:48","modified_gmt":"2023-01-10T13:23:48","slug":"notables-resultados-productivos-de-la-empresa-estatal-de-cables","status":"publish","type":"post","link":"https:\/\/archive.sana.sy\/es\/?p=139174","title":{"rendered":"Notables resultados productivos de la Empresa Estatal de Cables"},"content":{"rendered":"<p style=\"text-align: justify;\"><strong><span style=\"color: #800000;\">Damasco, SANA<\/span><\/strong><\/p>\n<p style=\"text-align: justify;\">Destacados resultados en la producci\u00f3n logr\u00f3 la Empresa Estatal de Cables durante los primeros cuatro meses del a\u00f1o en curso.<\/p>\n<p style=\"text-align: justify;\">El informe trimestral de la Empresa revel\u00f3 ganancias por un valor de mil millones 436 millones de libras sirias (equivalente a 2.5 millones de USD), pese a las medidas preventivas por la Covid-19.<\/p>\n<p style=\"text-align: justify;\">La producci\u00f3n de la entidad durante este periodo, ascendi\u00f3 a mil 575 toneladas cumpliendo el 98% del plan.<\/p>\n<p style=\"text-align: justify;\">Seg\u00fan el gerente de la compa\u00f1\u00eda, Abdul Qader Qadur, esos notables resultados fueron logrados pese a las medidas tomadas de recudir el n\u00famero de trabajadores en todas las l\u00edneas de producci\u00f3n.<\/p>\n<p style=\"text-align: justify;\">La empresa produce 81 tipos de cables el\u00e9ctricos, de cobre y aluminio, para redes de baja, mediana y alta tensi\u00f3n.<\/p>\n<p style=\"text-align: justify;\"><span style=\"color: #0000ff;\"><strong>F.M<\/strong><\/span><\/p>\n","protected":false},"excerpt":{"rendered":"<p>Damasco, SANA Destacados resultados en la producci\u00f3n logr\u00f3 la Empresa Estatal de Cables durante los primeros cuatro meses del a\u00f1o en curso. El informe trimestral de la Empresa revel\u00f3 ganancias por un valor de mil millones 436 millones de libras sirias (equivalente a 2.5 millones de USD), pese a las medidas preventivas por la Covid-19. &hellip;<\/p>\n","protected":false},"author":34,"featured_media":139175,"comment_status":"closed","ping_status":"closed","sticky":false,"template":"","format":"standard","meta":{"footnotes":""},"categories":[447,597,16686,485,476,7541],"tags":[],"class_list":["post-139174","post","type-post","status-publish","format-standard","has-post-thumbnail","","category-local-politica","category-cinta-de-noticias","category-economia","category-informes-negocios-y-finanzas","category-locales","category-ultimas-noticias"],"_links":{"self":[{"href":"https:\/\/archive.sana.sy\/es\/index.php?rest_route=\/wp\/v2\/posts\/139174"}],"collection":[{"href":"https:\/\/archive.sana.sy\/es\/index.php?rest_route=\/wp\/v2\/posts"}],"about":[{"href":"https:\/\/archive.sana.sy\/es\/index.php?rest_route=\/wp\/v2\/types\/post"}],"author":[{"embeddable":true,"href":"https:\/\/archive.sana.sy\/es\/index.php?rest_route=\/wp\/v2\/users\/34"}],"replies":[{"embeddable":true,"href":"https:\/\/archive.sana.sy\/es\/index.php?rest_route=%2Fwp%2Fv2%2Fcomments&post=139174"}],"version-history":[{"count":0,"href":"https:\/\/archive.sana.sy\/es\/index.php?rest_route=\/wp\/v2\/posts\/139174\/revisions"}],"wp:featuredmedia":[{"embeddable":true,"href":"https:\/\/archive.sana.sy\/es\/index.php?rest_route=\/wp\/v2\/media\/139175"}],"wp:attachment":[{"href":"https:\/\/archive.sana.sy\/es\/index.php?rest_route=%2Fwp%2Fv2%2Fmedia&parent=139174"}],"wp:term":[{"taxonomy":"category","embeddable":true,"href":"https:\/\/archive.sana.sy\/es\/index.php?rest_route=%2Fwp%2Fv2%2Fcategories&post=139174"},{"taxonomy":"post_tag","embeddable":true,"href":"https:\/\/archive.sana.sy\/es\/index.php?rest_route=%2Fwp%2Fv2%2Ftags&post=139174"}],"curies":[{"name":"wp","href":"https:\/\/api.w.org\/{rel}","templated":true}]}}