{"id":139203,"date":"2020-05-14T19:39:35","date_gmt":"2020-05-14T16:39:35","guid":{"rendered":"http:\/\/sana.sy\/es\/?p=139203"},"modified":"2023-01-10T15:15:13","modified_gmt":"2023-01-10T13:15:13","slug":"se-pone-en-marcha-la-rehabilitacion-de-la-zona-industrial-de-deir-ezzor-fotos","status":"publish","type":"post","link":"https:\/\/archive.sana.sy\/es\/?p=139203","title":{"rendered":"Comienzan obras de reconstrucci\u00f3n de la zona industrial de Deir Ezzor que fue afectada por el terrorismo (Fotos)"},"content":{"rendered":"<p style=\"text-align: justify;\"><span style=\"color: #800000;\"><strong>Deir Ezzor, SANA<\/strong><\/span><\/p>\n<p style=\"text-align: justify;\">La gobernaci\u00f3n de Deir Ezzor puso en marcha las obras de reconstrucci\u00f3n de la zona industrial situada en el barrio de \u201cAl-Sinaa\u201d y que fue saboteada durante la ocupaci\u00f3n de terrorista a la provincia.<\/p>\n<p style=\"text-align: justify;\">El alcalde de Deir Ezzor, Raed Mandil, explic\u00f3 en declaraciones a SANA, como parte del plan de recuperaci\u00f3n para rehabilitar los barrios afectados por el terrorismo, los equipos t\u00e9cnicos en coordinaci\u00f3n con la Organizaci\u00f3n de \u201cPrimeros Auxilios\u201d comenzaron a retirar los escombros del barrio Al-Sinaa de Deir Ezzor.<\/p>\n<p style=\"text-align: justify;\">\u201cSe rehabilitar\u00e1n y restaurar\u00e1n los sistemas de agua, electricidad, telecomunicaciones y saneamiento en preparaci\u00f3n para la vuelta de los artesanos e industriales\u201d, concluy\u00f3.<\/p>\n<p style=\"text-align: justify;\"><span style=\"color: #0000ff;\"><strong>A. H.\/ R. Sh\/ F. M.<\/strong><\/span><\/p>\n<div id='gallery-1' class='gallery galleryid-139203 gallery-columns-1 gallery-size-full'><figure class='gallery-item'>\n\t\t\t<div class='gallery-icon landscape'>\n\t\t\t\t<a href='https:\/\/archive.sana.sy\/es\/wp-content\/uploads\/2020\/05\/27-11.jpg'><img loading=\"lazy\" decoding=\"async\" width=\"660\" height=\"383\" src=\"https:\/\/archive.sana.sy\/es\/wp-content\/uploads\/2020\/05\/27-11.jpg\" class=\"attachment-full size-full\" alt=\"\" srcset=\"https:\/\/archive.sana.sy\/es\/wp-content\/uploads\/2020\/05\/27-11.jpg 660w, https:\/\/archive.sana.sy\/es\/wp-content\/uploads\/2020\/05\/27-11-300x174.jpg 300w, https:\/\/archive.sana.sy\/es\/wp-content\/uploads\/2020\/05\/27-11-150x87.jpg 150w\" sizes=\"(max-width: 660px) 100vw, 660px\" \/><\/a>\n\t\t\t<\/div><\/figure><figure class='gallery-item'>\n\t\t\t<div class='gallery-icon landscape'>\n\t\t\t\t<a href='https:\/\/archive.sana.sy\/es\/wp-content\/uploads\/2020\/05\/30-16.jpg'><img loading=\"lazy\" decoding=\"async\" width=\"660\" height=\"399\" src=\"https:\/\/archive.sana.sy\/es\/wp-content\/uploads\/2020\/05\/30-16.jpg\" class=\"attachment-full size-full\" alt=\"\" srcset=\"https:\/\/archive.sana.sy\/es\/wp-content\/uploads\/2020\/05\/30-16.jpg 660w, https:\/\/archive.sana.sy\/es\/wp-content\/uploads\/2020\/05\/30-16-300x181.jpg 300w, https:\/\/archive.sana.sy\/es\/wp-content\/uploads\/2020\/05\/30-16-150x91.jpg 150w\" sizes=\"(max-width: 660px) 100vw, 660px\" \/><\/a>\n\t\t\t<\/div><\/figure><figure class='gallery-item'>\n\t\t\t<div class='gallery-icon landscape'>\n\t\t\t\t<a href='https:\/\/archive.sana.sy\/es\/wp-content\/uploads\/2020\/05\/29-8.jpg'><img loading=\"lazy\" decoding=\"async\" width=\"660\" height=\"401\" src=\"https:\/\/archive.sana.sy\/es\/wp-content\/uploads\/2020\/05\/29-8.jpg\" class=\"attachment-full size-full\" alt=\"\" srcset=\"https:\/\/archive.sana.sy\/es\/wp-content\/uploads\/2020\/05\/29-8.jpg 660w, https:\/\/archive.sana.sy\/es\/wp-content\/uploads\/2020\/05\/29-8-300x182.jpg 300w, https:\/\/archive.sana.sy\/es\/wp-content\/uploads\/2020\/05\/29-8-150x91.jpg 150w\" sizes=\"(max-width: 660px) 100vw, 660px\" \/><\/a>\n\t\t\t<\/div><\/figure><figure class='gallery-item'>\n\t\t\t<div class='gallery-icon landscape'>\n\t\t\t\t<a href='https:\/\/archive.sana.sy\/es\/wp-content\/uploads\/2020\/05\/28-10.jpg'><img loading=\"lazy\" decoding=\"async\" width=\"660\" height=\"431\" src=\"https:\/\/archive.sana.sy\/es\/wp-content\/uploads\/2020\/05\/28-10.jpg\" class=\"attachment-full size-full\" alt=\"\" srcset=\"https:\/\/archive.sana.sy\/es\/wp-content\/uploads\/2020\/05\/28-10.jpg 660w, https:\/\/archive.sana.sy\/es\/wp-content\/uploads\/2020\/05\/28-10-300x196.jpg 300w, https:\/\/archive.sana.sy\/es\/wp-content\/uploads\/2020\/05\/28-10-150x98.jpg 150w\" sizes=\"(max-width: 660px) 100vw, 660px\" \/><\/a>\n\t\t\t<\/div><\/figure><figure class='gallery-item'>\n\t\t\t<div class='gallery-icon landscape'>\n\t\t\t\t<a href='https:\/\/archive.sana.sy\/es\/wp-content\/uploads\/2020\/05\/25-14.jpg'><img loading=\"lazy\" decoding=\"async\" width=\"660\" height=\"370\" src=\"https:\/\/archive.sana.sy\/es\/wp-content\/uploads\/2020\/05\/25-14.jpg\" class=\"attachment-full size-full\" alt=\"\" srcset=\"https:\/\/archive.sana.sy\/es\/wp-content\/uploads\/2020\/05\/25-14.jpg 660w, https:\/\/archive.sana.sy\/es\/wp-content\/uploads\/2020\/05\/25-14-300x168.jpg 300w, https:\/\/archive.sana.sy\/es\/wp-content\/uploads\/2020\/05\/25-14-150x84.jpg 150w\" sizes=\"(max-width: 660px) 100vw, 660px\" \/><\/a>\n\t\t\t<\/div><\/figure><figure class='gallery-item'>\n\t\t\t<div class='gallery-icon landscape'>\n\t\t\t\t<a href='https:\/\/archive.sana.sy\/es\/wp-content\/uploads\/2020\/05\/26-12-660x330-1.jpg'><img loading=\"lazy\" decoding=\"async\" width=\"660\" height=\"330\" src=\"https:\/\/archive.sana.sy\/es\/wp-content\/uploads\/2020\/05\/26-12-660x330-1.jpg\" class=\"attachment-full size-full\" alt=\"\" srcset=\"https:\/\/archive.sana.sy\/es\/wp-content\/uploads\/2020\/05\/26-12-660x330-1.jpg 660w, https:\/\/archive.sana.sy\/es\/wp-content\/uploads\/2020\/05\/26-12-660x330-1-300x150.jpg 300w, https:\/\/archive.sana.sy\/es\/wp-content\/uploads\/2020\/05\/26-12-660x330-1-150x75.jpg 150w\" sizes=\"(max-width: 660px) 100vw, 660px\" \/><\/a>\n\t\t\t<\/div><\/figure>\n\t\t<\/div>\n\n","protected":false},"excerpt":{"rendered":"<p>Deir Ezzor, SANA La gobernaci\u00f3n de Deir Ezzor puso en marcha las obras de reconstrucci\u00f3n de la zona industrial situada en el barrio de \u201cAl-Sinaa\u201d y que fue saboteada durante la ocupaci\u00f3n de terrorista a la provincia. El alcalde de Deir Ezzor, Raed Mandil, explic\u00f3 en declaraciones a SANA, como parte del plan de recuperaci\u00f3n &hellip;<\/p>\n","protected":false},"author":30,"featured_media":139209,"comment_status":"closed","ping_status":"closed","sticky":false,"template":"","format":"standard","meta":{"footnotes":""},"categories":[597,16686,485,571,7541],"tags":[17773],"class_list":["post-139203","post","type-post","status-publish","format-standard","has-post-thumbnail","","category-cinta-de-noticias","category-economia","category-informes-negocios-y-finanzas","category-siria-en-fotos","category-ultimas-noticias","tag-se-pone-en-marcha-la-rehabilitacion-de-la-zona-industrial-de-deir-ezzor-fotos"],"_links":{"self":[{"href":"https:\/\/archive.sana.sy\/es\/index.php?rest_route=\/wp\/v2\/posts\/139203"}],"collection":[{"href":"https:\/\/archive.sana.sy\/es\/index.php?rest_route=\/wp\/v2\/posts"}],"about":[{"href":"https:\/\/archive.sana.sy\/es\/index.php?rest_route=\/wp\/v2\/types\/post"}],"author":[{"embeddable":true,"href":"https:\/\/archive.sana.sy\/es\/index.php?rest_route=\/wp\/v2\/users\/30"}],"replies":[{"embeddable":true,"href":"https:\/\/archive.sana.sy\/es\/index.php?rest_route=%2Fwp%2Fv2%2Fcomments&post=139203"}],"version-history":[{"count":0,"href":"https:\/\/archive.sana.sy\/es\/index.php?rest_route=\/wp\/v2\/posts\/139203\/revisions"}],"wp:featuredmedia":[{"embeddable":true,"href":"https:\/\/archive.sana.sy\/es\/index.php?rest_route=\/wp\/v2\/media\/139209"}],"wp:attachment":[{"href":"https:\/\/archive.sana.sy\/es\/index.php?rest_route=%2Fwp%2Fv2%2Fmedia&parent=139203"}],"wp:term":[{"taxonomy":"category","embeddable":true,"href":"https:\/\/archive.sana.sy\/es\/index.php?rest_route=%2Fwp%2Fv2%2Fcategories&post=139203"},{"taxonomy":"post_tag","embeddable":true,"href":"https:\/\/archive.sana.sy\/es\/index.php?rest_route=%2Fwp%2Fv2%2Ftags&post=139203"}],"curies":[{"name":"wp","href":"https:\/\/api.w.org\/{rel}","templated":true}]}}