{"id":139294,"date":"2020-05-15T18:53:50","date_gmt":"2020-05-15T15:53:50","guid":{"rendered":"http:\/\/sana.sy\/es\/?p=139294"},"modified":"2023-01-12T14:44:20","modified_gmt":"2023-01-12T12:44:20","slug":"fuerzas-egipcias-neutralizan-a-13-terroristas-en-el-norte-del-sinai","status":"publish","type":"post","link":"https:\/\/archive.sana.sy\/es\/?p=139294","title":{"rendered":"Fuerzas egipcias neutralizan a 13 terroristas en el norte del Sina\u00ed"},"content":{"rendered":"<p><span style=\"color: #800000;\">El Cairo, SANA<\/span><\/p>\n<p style=\"text-align: justify;\">El ej\u00e9rcito egipcio anunci\u00f3 la neutralizaci\u00f3n de 13 terroristas en el norte del Sina\u00ed, seg\u00fan inform\u00f3 un comunicado de las fuerzas armadas egipcias.<\/p>\n<p style=\"text-align: justify;\">\u201c La operaci\u00f3n antiterrorista tambi\u00e9n result\u00f3 en la incautaci\u00f3n de un veh\u00edculo de y 3 motocicletas sin placas utilizadas por elementos terroristas, la detecci\u00f3n y detonaci\u00f3n de 10 dispositivos explosivos, y la incautaci\u00f3n de cinturones explosivos, varias armas y municiones\u201d, agrega el comunicado.<\/p>\n<p style=\"text-align: justify;\">El 3 de este mes, el ministerio del Interior egipcio anunci\u00f3 la eliminaci\u00f3n de 18 terroristas en las cercan\u00edas de Bir al-Abd, al norte del Sina\u00ed.<\/p>\n<p>&nbsp;<\/p>\n<p>M.M<\/p>\n","protected":false},"excerpt":{"rendered":"<p>El Cairo, SANA El ej\u00e9rcito egipcio anunci\u00f3 la neutralizaci\u00f3n de 13 terroristas en el norte del Sina\u00ed, seg\u00fan inform\u00f3 un comunicado de las fuerzas armadas egipcias. \u201c La operaci\u00f3n antiterrorista tambi\u00e9n result\u00f3 en la incautaci\u00f3n de un veh\u00edculo de y 3 motocicletas sin placas utilizadas por elementos terroristas, la detecci\u00f3n y detonaci\u00f3n de 10 dispositivos &hellip;<\/p>\n","protected":false},"author":36,"featured_media":139295,"comment_status":"closed","ping_status":"closed","sticky":false,"template":"","format":"standard","meta":{"footnotes":""},"categories":[597,456,457],"tags":[],"class_list":["post-139294","post","type-post","status-publish","format-standard","has-post-thumbnail","","category-cinta-de-noticias","category-arabe-internacional-politica","category-noticias-arabe-internacional-politica"],"_links":{"self":[{"href":"https:\/\/archive.sana.sy\/es\/index.php?rest_route=\/wp\/v2\/posts\/139294"}],"collection":[{"href":"https:\/\/archive.sana.sy\/es\/index.php?rest_route=\/wp\/v2\/posts"}],"about":[{"href":"https:\/\/archive.sana.sy\/es\/index.php?rest_route=\/wp\/v2\/types\/post"}],"author":[{"embeddable":true,"href":"https:\/\/archive.sana.sy\/es\/index.php?rest_route=\/wp\/v2\/users\/36"}],"replies":[{"embeddable":true,"href":"https:\/\/archive.sana.sy\/es\/index.php?rest_route=%2Fwp%2Fv2%2Fcomments&post=139294"}],"version-history":[{"count":0,"href":"https:\/\/archive.sana.sy\/es\/index.php?rest_route=\/wp\/v2\/posts\/139294\/revisions"}],"wp:featuredmedia":[{"embeddable":true,"href":"https:\/\/archive.sana.sy\/es\/index.php?rest_route=\/wp\/v2\/media\/139295"}],"wp:attachment":[{"href":"https:\/\/archive.sana.sy\/es\/index.php?rest_route=%2Fwp%2Fv2%2Fmedia&parent=139294"}],"wp:term":[{"taxonomy":"category","embeddable":true,"href":"https:\/\/archive.sana.sy\/es\/index.php?rest_route=%2Fwp%2Fv2%2Fcategories&post=139294"},{"taxonomy":"post_tag","embeddable":true,"href":"https:\/\/archive.sana.sy\/es\/index.php?rest_route=%2Fwp%2Fv2%2Ftags&post=139294"}],"curies":[{"name":"wp","href":"https:\/\/api.w.org\/{rel}","templated":true}]}}