{"id":13937,"date":"2014-12-09T16:25:13","date_gmt":"2014-12-09T14:25:13","guid":{"rendered":"http:\/\/sana.sy\/es\/?p=13937"},"modified":"2014-12-09T16:31:52","modified_gmt":"2014-12-09T14:31:52","slug":"inician-las-reuniones-de-la-conferencia-internacional-de-rechazo-a-la-violencia-y-el-extremismo-en-teheran","status":"publish","type":"post","link":"https:\/\/archive.sana.sy\/es\/?p=13937","title":{"rendered":"Inician las reuniones de la Conferencia Internacional de Rechazo a la Violencia y el Extremismo en Teher\u00e1n"},"content":{"rendered":"<p>Teher\u00e1n, SANA<br \/>\nHan comenzado este martes en la capital Teher\u00e1n, las labores de la Conferencia Internacional de Rechazo a la Violencia y el Extremismo.<\/p>\n<p>Asiste a dicho evento una delegaci\u00f3n siria encabezada por el ministro de Exteriores y Expatriados, Walid al-Moualem.<\/p>\n<p>El presidente iran\u00ed, Hassan Rohani, dijo en un discurso en la apertura de la conferencia, que Ir\u00e1n ha trabajado para la instauraci\u00f3n de la seguridad y la estabilidad en la regi\u00f3n, y ha llamado siempre a secar las fuentes del terrorismo.<\/p>\n<p>Rohani a\u00f1adi\u00f3 que todas las corrientes extremistas adoptan un solo enfoque basado en la violencia.<br \/>\nEl presidente iran\u00ed aclar\u00f3 que el mundo necesita medidas factibles y efectivas para luchar contra el extremismo, destacando que los pa\u00edses que provocaron la aparici\u00f3n del terrorismo deber\u00edan financiar hacer frente a sus consecuencias.<\/p>\n<p>Tambi\u00e9n, indic\u00f3 que la injerencia extranjera es una especie de colonialismo moderno.<\/p>\n<p>Fady M., Lynn A.<\/p>\n","protected":false},"excerpt":{"rendered":"<p>Teher\u00e1n, SANA Han comenzado este martes en la capital Teher\u00e1n, las labores de la Conferencia Internacional de Rechazo a la Violencia y el Extremismo. Asiste a dicho evento una delegaci\u00f3n siria encabezada por el ministro de Exteriores y Expatriados, Walid al-Moualem. El presidente iran\u00ed, Hassan Rohani, dijo en un discurso en la apertura de la &hellip;<\/p>\n","protected":false},"author":24,"featured_media":13971,"comment_status":"closed","ping_status":"closed","sticky":false,"template":"","format":"standard","meta":{"footnotes":""},"categories":[597,456,457,576],"tags":[3161],"class_list":["post-13937","post","type-post","status-publish","format-standard","has-post-thumbnail","","category-cinta-de-noticias","category-arabe-internacional-politica","category-noticias-arabe-internacional-politica","category-noticias-politicas","tag-inician-las-reuniones-de-la-conferencia-internacional-de-rechazo-a-la-violencia-y-el-extremismo-en-teheran"],"_links":{"self":[{"href":"https:\/\/archive.sana.sy\/es\/index.php?rest_route=\/wp\/v2\/posts\/13937"}],"collection":[{"href":"https:\/\/archive.sana.sy\/es\/index.php?rest_route=\/wp\/v2\/posts"}],"about":[{"href":"https:\/\/archive.sana.sy\/es\/index.php?rest_route=\/wp\/v2\/types\/post"}],"author":[{"embeddable":true,"href":"https:\/\/archive.sana.sy\/es\/index.php?rest_route=\/wp\/v2\/users\/24"}],"replies":[{"embeddable":true,"href":"https:\/\/archive.sana.sy\/es\/index.php?rest_route=%2Fwp%2Fv2%2Fcomments&post=13937"}],"version-history":[{"count":0,"href":"https:\/\/archive.sana.sy\/es\/index.php?rest_route=\/wp\/v2\/posts\/13937\/revisions"}],"wp:featuredmedia":[{"embeddable":true,"href":"https:\/\/archive.sana.sy\/es\/index.php?rest_route=\/wp\/v2\/media\/13971"}],"wp:attachment":[{"href":"https:\/\/archive.sana.sy\/es\/index.php?rest_route=%2Fwp%2Fv2%2Fmedia&parent=13937"}],"wp:term":[{"taxonomy":"category","embeddable":true,"href":"https:\/\/archive.sana.sy\/es\/index.php?rest_route=%2Fwp%2Fv2%2Fcategories&post=13937"},{"taxonomy":"post_tag","embeddable":true,"href":"https:\/\/archive.sana.sy\/es\/index.php?rest_route=%2Fwp%2Fv2%2Ftags&post=13937"}],"curies":[{"name":"wp","href":"https:\/\/api.w.org\/{rel}","templated":true}]}}