{"id":13953,"date":"2014-12-09T17:39:48","date_gmt":"2014-12-09T15:39:48","guid":{"rendered":"http:\/\/www.sana.sy\/es\/?p=13953"},"modified":"2014-12-09T17:57:47","modified_gmt":"2014-12-09T15:57:47","slug":"lavrov-ee-uu-debe-coordinar-su-campana-contra-el-ei-a-traves-de-canales-directos-con-el-gobierno-sirio","status":"publish","type":"post","link":"https:\/\/archive.sana.sy\/es\/?p=13953","title":{"rendered":"Lavrov: EE.UU debe coordinar su campa\u00f1a contra el EI a trav\u00e9s de canales directos con el gobierno sirio"},"content":{"rendered":"<div><span style=\"color: #ff0000\"><strong>Mosc\u00fa, SANA<\/strong><\/span><\/div>\n<div><span lang=\"ES-TRAD\">\u00a0<\/span><\/div>\n<div><span lang=\"ES-TRAD\">El ministro de Exteriores de Rusia, Sergey Lavrov, dijo que Estados Unidos debe coordinar su campa\u00f1a contra la organizaci\u00f3n terrorista del Estado Isl\u00e1mico (EI) en Siria, a trav\u00e9s de canales directos con el gobierno sirio.<\/span><\/div>\n<div><span lang=\"ES-TRAD\">\u00a0<\/span><\/div>\n<div><span lang=\"ES-TRAD\">En una entrevista exclusiva con la agencia \u201cNovosti\u201d, Lavrov a\u00f1adi\u00f3 que \u201cno es posible combatir con \u00e9xito el terrorismo en el territorio de un Estado soberano sin una adecuada coordinaci\u00f3n con las autoridades en este pa\u00eds\u201d.<\/span><\/div>\n<div><span lang=\"ES-TRAD\">\u00a0<\/span><\/div>\n<div><span lang=\"ES-TRAD\">Asimismo, precis\u00f3 que \u201cno hay necesidad de una intermediaci\u00f3n rusa para establecer contacto entre Siria y Estados Unidos\u201d, apuntando a la existencia de muchas oportunidades para hacer contacto directo entre las dos partes.<\/span><\/div>\n<div><span lang=\"ES-TRAD\">\u00a0<\/span><\/div>\n<div><span lang=\"ES-TRAD\">\u201cMosc\u00fa ha pedido en muchas ocasiones a Washington, que deje de evitar la comunicaci\u00f3n con el gobierno sirio en la guerra contra el EI, pero las peticiones rusas siempre han sido rechazadas\u201d, dijo el jefe de la diplomacia rusa.<\/span><\/div>\n<div><span lang=\"ES-TRAD\">\u00a0<\/span><\/div>\n<div><span lang=\"ES-TRAD\">En el mismo contexto, el ministro de Exteriores ruso revel\u00f3 que \u201cEstados Unidos nunca consider\u00f3 a Rusia como participante directo en la coalici\u00f3n contra el EI. <\/span><\/div>\n<div><\/div>\n<div><span lang=\"ES-TRAD\">\u201cDicha coalici\u00f3n fue creada por Washington de acuerdo con sus propias leyes y normas, sin ning\u00fan respeto al derecho internacional\u201d, precis\u00f3.<\/span><\/div>\n<div><\/div>\n<div>\n<div><span lang=\"ES\">En una rueda de prensa conjunta entre Lavrov y su hom\u00f3logo belga, Didier\u00a0<\/span><span lang=\"ES\">Reinders, el <\/span><span lang=\"ES\">jefe de la diplomacia rusa expres\u00f3 la preocupaci\u00f3n de su pa\u00eds por la situaci\u00f3n en Oriente Medio y el Norte de \u00c1frica, especialmente por la actividad del Estado Isl\u00e1mico o Daesh en Siria y la regi\u00f3n.<\/span><\/div>\n<div><span dir=\"RTL\" lang=\"AR-SA\">\u00a0<\/span><\/div>\n<div><span lang=\"ES\">A su vez, el canciller belga destac\u00f3 la necesidad de resolver el expediente de los mercenarios que operan en Siria, advirtiendo del peligro de los mismos cuando regresen a sus pa\u00edses originales, inclusive B\u00e9lgica.<\/span><\/div>\n<div><span lang=\"ES\">\u00a0<\/span><\/div>\n<div><span lang=\"ES\">En este contexto, Reinders hizo referencia a una operaci\u00f3n terrorista llevada a cabo recientemente en su pa\u00eds por un terrorista que volvi\u00f3 de Siria.<\/span><\/div>\n<div><span dir=\"RTL\" lang=\"AR-SA\">\u00a0<\/span><\/div>\n<div><span lang=\"ES\">Tambi\u00e9n, se\u00f1al\u00f3 que la Uni\u00f3n Europea y B\u00e9lgica deben apoyar la misi\u00f3n del enviado especial de la ONU para Siria, y su planteamiento sobre la creaci\u00f3n de zonas de congelaci\u00f3n del conflicto en la ciudad de Alepo, el cual allanar\u00e1 el camino hacia un alto el fuego, y por lo tanto para un arreglo pol\u00edtico.<\/span><\/div>\n<\/div>\n<div><\/div>\n<div><span style=\"color: #00ccff\">Fady M., Hala B., Lynn A.<\/span><\/div>\n<div class=\"yj6qo ajU\">\n<div id=\":12i\" class=\"ajR\"><img decoding=\"async\" class=\"ajT\" src=\"https:\/\/ssl.gstatic.com\/ui\/v1\/icons\/mail\/images\/cleardot.gif\" alt=\"\" \/><\/div>\n<\/div>\n","protected":false},"excerpt":{"rendered":"<p>Mosc\u00fa, SANA \u00a0 El ministro de Exteriores de Rusia, Sergey Lavrov, dijo que Estados Unidos debe coordinar su campa\u00f1a contra la organizaci\u00f3n terrorista del Estado Isl\u00e1mico (EI) en Siria, a trav\u00e9s de canales directos con el gobierno sirio. \u00a0 En una entrevista exclusiva con la agencia \u201cNovosti\u201d, Lavrov a\u00f1adi\u00f3 que \u201cno es posible combatir con &hellip;<\/p>\n","protected":false},"author":1,"featured_media":13954,"comment_status":"closed","ping_status":"closed","sticky":false,"template":"","format":"standard","meta":{"footnotes":""},"categories":[597,456,576],"tags":[3164],"class_list":["post-13953","post","type-post","status-publish","format-standard","has-post-thumbnail","","category-cinta-de-noticias","category-arabe-internacional-politica","category-noticias-politicas","tag-lavrov-ee-uu-debe-coordinar-su-campana-contra-el-ei-a-traves-de-canales-directos-con-el-gobierno-sirio"],"_links":{"self":[{"href":"https:\/\/archive.sana.sy\/es\/index.php?rest_route=\/wp\/v2\/posts\/13953"}],"collection":[{"href":"https:\/\/archive.sana.sy\/es\/index.php?rest_route=\/wp\/v2\/posts"}],"about":[{"href":"https:\/\/archive.sana.sy\/es\/index.php?rest_route=\/wp\/v2\/types\/post"}],"author":[{"embeddable":true,"href":"https:\/\/archive.sana.sy\/es\/index.php?rest_route=\/wp\/v2\/users\/1"}],"replies":[{"embeddable":true,"href":"https:\/\/archive.sana.sy\/es\/index.php?rest_route=%2Fwp%2Fv2%2Fcomments&post=13953"}],"version-history":[{"count":0,"href":"https:\/\/archive.sana.sy\/es\/index.php?rest_route=\/wp\/v2\/posts\/13953\/revisions"}],"wp:featuredmedia":[{"embeddable":true,"href":"https:\/\/archive.sana.sy\/es\/index.php?rest_route=\/wp\/v2\/media\/13954"}],"wp:attachment":[{"href":"https:\/\/archive.sana.sy\/es\/index.php?rest_route=%2Fwp%2Fv2%2Fmedia&parent=13953"}],"wp:term":[{"taxonomy":"category","embeddable":true,"href":"https:\/\/archive.sana.sy\/es\/index.php?rest_route=%2Fwp%2Fv2%2Fcategories&post=13953"},{"taxonomy":"post_tag","embeddable":true,"href":"https:\/\/archive.sana.sy\/es\/index.php?rest_route=%2Fwp%2Fv2%2Ftags&post=13953"}],"curies":[{"name":"wp","href":"https:\/\/api.w.org\/{rel}","templated":true}]}}