{"id":13956,"date":"2014-12-09T14:42:28","date_gmt":"2014-12-09T12:42:28","guid":{"rendered":"http:\/\/www.sana.sy\/es\/?p=13956"},"modified":"2014-12-09T14:42:28","modified_gmt":"2014-12-09T12:42:28","slug":"parlamento-aprueba-una-enmienda-de-la-ley-que-regula-las-funciones-del-ministerio-de-cultura","status":"publish","type":"post","link":"https:\/\/archive.sana.sy\/es\/?p=13956","title":{"rendered":"Parlamento aprueba una enmienda de la ley que regula las funciones del Ministerio de Cultura \u00a0"},"content":{"rendered":"<div><span style=\"color: #ff0000\">Damasco, SANA.<\/span><\/div>\n<div><\/div>\n<div><span lang=\"ES-TRAD\">La Asamblea del Pueblo aprob\u00f3 en su sesi\u00f3n celebrada este martes, el proyecto de ley que contiene la modificaci\u00f3n de ciertas disposiciones del Decreto Ley No. 197 para el a\u00f1o 1958, el cual organiza la labor y las funciones del Ministerio de Cultura.<\/span><\/div>\n<div><span lang=\"ES-TRAD\">\u00a0<\/span><\/div>\n<div><span lang=\"ES-TRAD\">Seg\u00fan la nueva enmienda, la funci\u00f3n del ministerio de Cultura ser\u00e1 el trabajo para fomentar la conciencia nacional del pueblo con el fin de contribuir a elevar el nivel intelectual, reforzar la moral y aumentar el sentido de pertenencia nacional y de responsabilidad.<\/span><\/div>\n<div><span lang=\"ES-TRAD\">\u00a0<\/span><\/div>\n<div><span lang=\"ES-TRAD\">Entre las funciones de dicho Ministerio ser\u00e1 tambi\u00e9n, estimular la cooperaci\u00f3n y el sacrificio, y redoblar los esfuerzos al servicio de la patria y la humanidad.<\/span><\/div>\n<div><span lang=\"ES-TRAD\">\u00a0<\/span><\/div>\n<div><span lang=\"ES-TRAD\">En su intervenci\u00f3n ante la Asamblea del Pueblo, el ministro de Cultura, Essam Khalil, dijo que la enmienda de ciertas disposiciones del Decreto Ley No 197 apunta a actualizarse con la evoluci\u00f3n pol\u00edtica y social que Siria ha presenciado recientemente.<\/span><\/div>\n<div><\/div>\n<div><span style=\"color: #00ccff\">Fady M., Hala B.<\/span><\/div>\n<div class=\"yj6qo ajU\">\n<div id=\":12i\" class=\"ajR\"><img decoding=\"async\" class=\"ajT\" src=\"https:\/\/ssl.gstatic.com\/ui\/v1\/icons\/mail\/images\/cleardot.gif\" alt=\"\" \/><\/div>\n<\/div>\n","protected":false},"excerpt":{"rendered":"<p>Damasco, SANA. La Asamblea del Pueblo aprob\u00f3 en su sesi\u00f3n celebrada este martes, el proyecto de ley que contiene la modificaci\u00f3n de ciertas disposiciones del Decreto Ley No. 197 para el a\u00f1o 1958, el cual organiza la labor y las funciones del Ministerio de Cultura. \u00a0 Seg\u00fan la nueva enmienda, la funci\u00f3n del ministerio de &hellip;<\/p>\n","protected":false},"author":1,"featured_media":13957,"comment_status":"closed","ping_status":"closed","sticky":false,"template":"","format":"standard","meta":{"footnotes":""},"categories":[476],"tags":[3165],"class_list":["post-13956","post","type-post","status-publish","format-standard","has-post-thumbnail","","category-locales","tag-parlamento-aprueba-una-enmienda-de-la-ley-que-regula-las-funciones-del-ministerio-de-cultura"],"_links":{"self":[{"href":"https:\/\/archive.sana.sy\/es\/index.php?rest_route=\/wp\/v2\/posts\/13956"}],"collection":[{"href":"https:\/\/archive.sana.sy\/es\/index.php?rest_route=\/wp\/v2\/posts"}],"about":[{"href":"https:\/\/archive.sana.sy\/es\/index.php?rest_route=\/wp\/v2\/types\/post"}],"author":[{"embeddable":true,"href":"https:\/\/archive.sana.sy\/es\/index.php?rest_route=\/wp\/v2\/users\/1"}],"replies":[{"embeddable":true,"href":"https:\/\/archive.sana.sy\/es\/index.php?rest_route=%2Fwp%2Fv2%2Fcomments&post=13956"}],"version-history":[{"count":0,"href":"https:\/\/archive.sana.sy\/es\/index.php?rest_route=\/wp\/v2\/posts\/13956\/revisions"}],"wp:featuredmedia":[{"embeddable":true,"href":"https:\/\/archive.sana.sy\/es\/index.php?rest_route=\/wp\/v2\/media\/13957"}],"wp:attachment":[{"href":"https:\/\/archive.sana.sy\/es\/index.php?rest_route=%2Fwp%2Fv2%2Fmedia&parent=13956"}],"wp:term":[{"taxonomy":"category","embeddable":true,"href":"https:\/\/archive.sana.sy\/es\/index.php?rest_route=%2Fwp%2Fv2%2Fcategories&post=13956"},{"taxonomy":"post_tag","embeddable":true,"href":"https:\/\/archive.sana.sy\/es\/index.php?rest_route=%2Fwp%2Fv2%2Ftags&post=13956"}],"curies":[{"name":"wp","href":"https:\/\/api.w.org\/{rel}","templated":true}]}}