{"id":13959,"date":"2014-12-09T14:55:48","date_gmt":"2014-12-09T12:55:48","guid":{"rendered":"http:\/\/www.sana.sy\/es\/?p=13959"},"modified":"2014-12-09T14:55:48","modified_gmt":"2014-12-09T12:55:48","slug":"mueren-20-australianos-que-se-unieron-a-la-organizacion-terrorista-del-ei-en-siria-e-irak","status":"publish","type":"post","link":"https:\/\/archive.sana.sy\/es\/?p=13959","title":{"rendered":"Mueren 20 australianos que se unieron a la organizaci\u00f3n terrorista del EI en Siria e Irak"},"content":{"rendered":"<div>S\u00eddney, SANA<\/div>\n<div><\/div>\n<div dir=\"ltr\">\n<div><span lang=\"ES-TRAD\">El Fiscal General de Australia, Jorge Brandis, dio a conocer la muerte de 20 terroristas australianos que combat\u00edan en las filas de la organizaci\u00f3n terrorista del Estado Isl\u00e1mico, en Siria e Irak.<\/span><\/div>\n<div><\/div>\n<div><span lang=\"ES-TRAD\">El peri\u00f3dico\u00a0 brit\u00e1nica \u201cThe Daily Mail\u201d cit\u00f3 a Brandis afirmando en un reportaje que fue publicado este martes, que \u201cmiembros de la organizaci\u00f3n terrorista del EI est\u00e1n enga\u00f1ando a los occidentales y les est\u00e1n usando como cebos en las l\u00edneas del frente y como atacantes suicidas, adem\u00e1s de aprovecharse de ellos en la propaganda que hace esta organizaci\u00f3n terrorista.<\/span><\/div>\n<div><\/div>\n<div><span lang=\"ES-TRAD\">Asimismo, se\u00f1al\u00f3 que los australianos que se dirigen a Siria e Irak, sean hombres o mujeres, y algunos son menores de edad, chocan ante una realidad diferente y ven a s\u00ed mismos en medio de actos de violencia contra personas inocentes.<\/span><\/div>\n<div><span lang=\"ES-TRAD\">Cabe resaltar que Australia aprob\u00f3 la semana pasada, unas estrictas leyes contra el terrorismo, y considera como crimen el viaje de cualquier australiano a Siria e Irak para unirse a la organizaci\u00f3n terrorista del EI.<\/span><\/div>\n<div><\/div>\n<div><span style=\"color: #00ccff\">Hala B., Fady M.<\/span><\/div>\n<\/div>\n","protected":false},"excerpt":{"rendered":"<p>S\u00eddney, SANA El Fiscal General de Australia, Jorge Brandis, dio a conocer la muerte de 20 terroristas australianos que combat\u00edan en las filas de la organizaci\u00f3n terrorista del Estado Isl\u00e1mico, en Siria e Irak. El peri\u00f3dico\u00a0 brit\u00e1nica \u201cThe Daily Mail\u201d cit\u00f3 a Brandis afirmando en un reportaje que fue publicado este martes, que \u201cmiembros de &hellip;<\/p>\n","protected":false},"author":1,"featured_media":13960,"comment_status":"closed","ping_status":"closed","sticky":false,"template":"","format":"standard","meta":{"footnotes":""},"categories":[597,456],"tags":[3166],"class_list":["post-13959","post","type-post","status-publish","format-standard","has-post-thumbnail","","category-cinta-de-noticias","category-arabe-internacional-politica","tag-mueren-20-australianos-que-se-unieron-a-la-organizacion-terrorista-del-ei-en-siria-e-irak"],"_links":{"self":[{"href":"https:\/\/archive.sana.sy\/es\/index.php?rest_route=\/wp\/v2\/posts\/13959"}],"collection":[{"href":"https:\/\/archive.sana.sy\/es\/index.php?rest_route=\/wp\/v2\/posts"}],"about":[{"href":"https:\/\/archive.sana.sy\/es\/index.php?rest_route=\/wp\/v2\/types\/post"}],"author":[{"embeddable":true,"href":"https:\/\/archive.sana.sy\/es\/index.php?rest_route=\/wp\/v2\/users\/1"}],"replies":[{"embeddable":true,"href":"https:\/\/archive.sana.sy\/es\/index.php?rest_route=%2Fwp%2Fv2%2Fcomments&post=13959"}],"version-history":[{"count":0,"href":"https:\/\/archive.sana.sy\/es\/index.php?rest_route=\/wp\/v2\/posts\/13959\/revisions"}],"wp:featuredmedia":[{"embeddable":true,"href":"https:\/\/archive.sana.sy\/es\/index.php?rest_route=\/wp\/v2\/media\/13960"}],"wp:attachment":[{"href":"https:\/\/archive.sana.sy\/es\/index.php?rest_route=%2Fwp%2Fv2%2Fmedia&parent=13959"}],"wp:term":[{"taxonomy":"category","embeddable":true,"href":"https:\/\/archive.sana.sy\/es\/index.php?rest_route=%2Fwp%2Fv2%2Fcategories&post=13959"},{"taxonomy":"post_tag","embeddable":true,"href":"https:\/\/archive.sana.sy\/es\/index.php?rest_route=%2Fwp%2Fv2%2Ftags&post=13959"}],"curies":[{"name":"wp","href":"https:\/\/api.w.org\/{rel}","templated":true}]}}