{"id":139799,"date":"2020-05-21T11:51:52","date_gmt":"2020-05-21T08:51:52","guid":{"rendered":"http:\/\/sana.sy\/es\/?p=139799"},"modified":"2020-05-21T11:51:52","modified_gmt":"2020-05-21T08:51:52","slug":"incrementan-incendios-en-cultivos-de-trigo-en-zonas-ocupadas-por-turquia","status":"publish","type":"post","link":"https:\/\/archive.sana.sy\/es\/?p=139799","title":{"rendered":"Incrementan incendios en cultivos de trigo en zonas ocupadas por Turqu\u00eda"},"content":{"rendered":"<p style=\"text-align: justify;\"><strong><span style=\"color: #800000;\">Hasakeh, SANA<\/span><\/strong><\/p>\n<p style=\"text-align: justify;\">Los incendios en las tierras sembradas con trigo y cebada en la provincia nororiental de Hasakeh afectaron a casi 800 hect\u00e1reas.<\/p>\n<p style=\"text-align: justify;\">Seg\u00fan informaron activistas civiles, los incendios estallaron dentro de las regiones ocupadas por los mercenarios turcos, a 20 km al sur de Ras Al-Ain.<\/p>\n<p style=\"text-align: justify;\">Confirmaron que los mercenarios de Turqu\u00eda est\u00e1n provocando esos incendios en la regi\u00f3n para deportar a los civiles como parte de sus planes de cambio demogr\u00e1fico.<\/p>\n<p style=\"text-align: justify;\"><strong><span style=\"color: #0000ff;\">E.D\/ F.M<\/span><\/strong><\/p>\n","protected":false},"excerpt":{"rendered":"<p>Hasakeh, SANA Los incendios en las tierras sembradas con trigo y cebada en la provincia nororiental de Hasakeh afectaron a casi 800 hect\u00e1reas. Seg\u00fan informaron activistas civiles, los incendios estallaron dentro de las regiones ocupadas por los mercenarios turcos, a 20 km al sur de Ras Al-Ain. Confirmaron que los mercenarios de Turqu\u00eda est\u00e1n provocando &hellip;<\/p>\n","protected":false},"author":32,"featured_media":139801,"comment_status":"closed","ping_status":"closed","sticky":false,"template":"","format":"standard","meta":{"footnotes":""},"categories":[597,476,7541,1],"tags":[],"class_list":["post-139799","post","type-post","status-publish","format-standard","has-post-thumbnail","","category-cinta-de-noticias","category-locales","category-ultimas-noticias","category-news-not-sorted"],"_links":{"self":[{"href":"https:\/\/archive.sana.sy\/es\/index.php?rest_route=\/wp\/v2\/posts\/139799"}],"collection":[{"href":"https:\/\/archive.sana.sy\/es\/index.php?rest_route=\/wp\/v2\/posts"}],"about":[{"href":"https:\/\/archive.sana.sy\/es\/index.php?rest_route=\/wp\/v2\/types\/post"}],"author":[{"embeddable":true,"href":"https:\/\/archive.sana.sy\/es\/index.php?rest_route=\/wp\/v2\/users\/32"}],"replies":[{"embeddable":true,"href":"https:\/\/archive.sana.sy\/es\/index.php?rest_route=%2Fwp%2Fv2%2Fcomments&post=139799"}],"version-history":[{"count":0,"href":"https:\/\/archive.sana.sy\/es\/index.php?rest_route=\/wp\/v2\/posts\/139799\/revisions"}],"wp:featuredmedia":[{"embeddable":true,"href":"https:\/\/archive.sana.sy\/es\/index.php?rest_route=\/wp\/v2\/media\/139801"}],"wp:attachment":[{"href":"https:\/\/archive.sana.sy\/es\/index.php?rest_route=%2Fwp%2Fv2%2Fmedia&parent=139799"}],"wp:term":[{"taxonomy":"category","embeddable":true,"href":"https:\/\/archive.sana.sy\/es\/index.php?rest_route=%2Fwp%2Fv2%2Fcategories&post=139799"},{"taxonomy":"post_tag","embeddable":true,"href":"https:\/\/archive.sana.sy\/es\/index.php?rest_route=%2Fwp%2Fv2%2Ftags&post=139799"}],"curies":[{"name":"wp","href":"https:\/\/api.w.org\/{rel}","templated":true}]}}