{"id":139820,"date":"2020-05-21T13:01:24","date_gmt":"2020-05-21T10:01:24","guid":{"rendered":"http:\/\/sana.sy\/es\/?p=139820"},"modified":"2023-01-12T14:44:18","modified_gmt":"2023-01-12T12:44:18","slug":"antes-amenazas-de-washington-venezuela-escoltara-a-buques-petroleros-iranies-en-sus-aguas-territoriales","status":"publish","type":"post","link":"https:\/\/archive.sana.sy\/es\/?p=139820","title":{"rendered":"Ante amenazas de Washington, Venezuela escoltar\u00e1 a buques petroleros iran\u00edes en sus aguas territoriales"},"content":{"rendered":"<p style=\"text-align: justify;\"><strong><span style=\"color: #800000;\">Caracas, SANA<\/span><\/strong><\/p>\n<p style=\"text-align: justify;\">El ministro de Defensa de Venezuela, Vladimir Padrino, declar\u00f3 que una fuerza del ej\u00e9rcito escoltar\u00e1 a los buques cisterna iran\u00edes que cargan combustible a Venezuela una vez que entren en la zona econ\u00f3mica exclusiva del pa\u00eds<\/p>\n<p style=\"text-align: justify;\">Estados Unidos anunci\u00f3 la v\u00edspera que hab\u00eda enviado cuatro buques de guerra y un avi\u00f3n B-8 al Mar Caribe para interceptar a los cinco petroleros iran\u00edes que transfieren combustible a Venezuela.<\/p>\n<p style=\"text-align: justify;\">Padrino agradeci\u00f3 al pueblo iran\u00ed por su solidaridad y cooperaci\u00f3n, y asegur\u00f3 que el gobierno venezolano est\u00e1 en contacto con el ministro de Defensa iran\u00ed y los cinco petroleros que transportan cerca de 1.5 millones de barriles de combustible.<\/p>\n<p style=\"text-align: justify;\"><strong><span style=\"color: #0000ff;\">E.D\/F.M<\/span><\/strong><\/p>\n","protected":false},"excerpt":{"rendered":"<p>Caracas, SANA El ministro de Defensa de Venezuela, Vladimir Padrino, declar\u00f3 que una fuerza del ej\u00e9rcito escoltar\u00e1 a los buques cisterna iran\u00edes que cargan combustible a Venezuela una vez que entren en la zona econ\u00f3mica exclusiva del pa\u00eds Estados Unidos anunci\u00f3 la v\u00edspera que hab\u00eda enviado cuatro buques de guerra y un avi\u00f3n B-8 al &hellip;<\/p>\n","protected":false},"author":32,"featured_media":139821,"comment_status":"closed","ping_status":"closed","sticky":false,"template":"","format":"standard","meta":{"footnotes":""},"categories":[597,456],"tags":[],"class_list":["post-139820","post","type-post","status-publish","format-standard","has-post-thumbnail","","category-cinta-de-noticias","category-arabe-internacional-politica"],"_links":{"self":[{"href":"https:\/\/archive.sana.sy\/es\/index.php?rest_route=\/wp\/v2\/posts\/139820"}],"collection":[{"href":"https:\/\/archive.sana.sy\/es\/index.php?rest_route=\/wp\/v2\/posts"}],"about":[{"href":"https:\/\/archive.sana.sy\/es\/index.php?rest_route=\/wp\/v2\/types\/post"}],"author":[{"embeddable":true,"href":"https:\/\/archive.sana.sy\/es\/index.php?rest_route=\/wp\/v2\/users\/32"}],"replies":[{"embeddable":true,"href":"https:\/\/archive.sana.sy\/es\/index.php?rest_route=%2Fwp%2Fv2%2Fcomments&post=139820"}],"version-history":[{"count":0,"href":"https:\/\/archive.sana.sy\/es\/index.php?rest_route=\/wp\/v2\/posts\/139820\/revisions"}],"wp:featuredmedia":[{"embeddable":true,"href":"https:\/\/archive.sana.sy\/es\/index.php?rest_route=\/wp\/v2\/media\/139821"}],"wp:attachment":[{"href":"https:\/\/archive.sana.sy\/es\/index.php?rest_route=%2Fwp%2Fv2%2Fmedia&parent=139820"}],"wp:term":[{"taxonomy":"category","embeddable":true,"href":"https:\/\/archive.sana.sy\/es\/index.php?rest_route=%2Fwp%2Fv2%2Fcategories&post=139820"},{"taxonomy":"post_tag","embeddable":true,"href":"https:\/\/archive.sana.sy\/es\/index.php?rest_route=%2Fwp%2Fv2%2Ftags&post=139820"}],"curies":[{"name":"wp","href":"https:\/\/api.w.org\/{rel}","templated":true}]}}