{"id":139855,"date":"2020-05-21T21:06:53","date_gmt":"2020-05-21T18:06:53","guid":{"rendered":"http:\/\/sana.sy\/es\/?p=139855"},"modified":"2020-05-21T21:37:41","modified_gmt":"2020-05-21T18:37:41","slug":"zajarova-la-situacion-en-el-campamento-de-al-rukban-es-preocupante","status":"publish","type":"post","link":"https:\/\/archive.sana.sy\/es\/?p=139855","title":{"rendered":"El Daesh aprovecha la pandemia de Covid-19 para intensificar sus ataques en Siria"},"content":{"rendered":"<p style=\"text-align: justify;\"><span style=\"color: #800000;\"><strong>Mosc\u00fa, SANA<\/strong><\/span><\/p>\n<p style=\"text-align: justify;\">La portavoz de la canciller\u00eda rusa, Mar\u00eda Zaj\u00e1rova, calific\u00f3 de preocupante a la situaci\u00f3n en el campamento Rukban ubicado en la zona de Tanef ocupada por EE.UU.<\/p>\n<p style=\"text-align: justify;\">En su videoconferencia semanal, Zaj\u00e1rova subray\u00f3 que la situaci\u00f3n empeora y los residentes del referido campamento est\u00e1n retenidos y se ven privados del agua, alimentos, electricidad y medicinas, y adem\u00e1s se ven obligados a pagar dinero a cambio de m\u00e1s m\u00ednimas condiciones de vida.<\/p>\n<p style=\"text-align: justify;\">\u201cLa situaci\u00f3n en el campamento s\u00f3lo puede resolverse despu\u00e9s de que las fuerzas de ocupaci\u00f3n de Estados Unidos abandonar\u00e1n por completo la zona de Tanef\u201d, precis\u00f3 la vocera rusa.<\/p>\n<p style=\"text-align: justify;\">Agreg\u00f3 que \u201cen cooperaci\u00f3n con el gobierno sirio, Rusia proporciona toda la asistencia necesaria a los ciudadanos que pudieron abandonar esta zona\u201d.<\/p>\n<p style=\"text-align: justify;\">Advirti\u00f3 que los terroristas de Daesh aprovechan la situaci\u00f3n del nuevo Coronavirus e intensifican sus ataques en las provincias de Deir Ezzor, Raqa y Hasakeh, donde decenas de personas fueron asesinadas.<\/p>\n<p style=\"text-align: justify;\">Concluy\u00f3 que esos hechos reafirman que las fuerzas de ocupaci\u00f3n estadounidenses en el \u00c9ufrates oriental no les interesa la seguridad y la vida de la poblaci\u00f3n local.<\/p>\n<p style=\"text-align: justify;\"><span style=\"color: #0000ff;\"><strong>A. H.\/ R. Sh.\/ F. M.<\/strong><\/span><\/p>\n","protected":false},"excerpt":{"rendered":"<p>Mosc\u00fa, SANA La portavoz de la canciller\u00eda rusa, Mar\u00eda Zaj\u00e1rova, calific\u00f3 de preocupante a la situaci\u00f3n en el campamento Rukban ubicado en la zona de Tanef ocupada por EE.UU. En su videoconferencia semanal, Zaj\u00e1rova subray\u00f3 que la situaci\u00f3n empeora y los residentes del referido campamento est\u00e1n retenidos y se ven privados del agua, alimentos, electricidad &hellip;<\/p>\n","protected":false},"author":30,"featured_media":139856,"comment_status":"closed","ping_status":"closed","sticky":false,"template":"","format":"standard","meta":{"footnotes":""},"categories":[597,467,7541],"tags":[17796],"class_list":["post-139855","post","type-post","status-publish","format-standard","has-post-thumbnail","","category-cinta-de-noticias","category-siria-y-el-mundo","category-ultimas-noticias","tag-zajarova-la-situacion-en-el-campamento-de-al-rukban-es-preocupante"],"_links":{"self":[{"href":"https:\/\/archive.sana.sy\/es\/index.php?rest_route=\/wp\/v2\/posts\/139855"}],"collection":[{"href":"https:\/\/archive.sana.sy\/es\/index.php?rest_route=\/wp\/v2\/posts"}],"about":[{"href":"https:\/\/archive.sana.sy\/es\/index.php?rest_route=\/wp\/v2\/types\/post"}],"author":[{"embeddable":true,"href":"https:\/\/archive.sana.sy\/es\/index.php?rest_route=\/wp\/v2\/users\/30"}],"replies":[{"embeddable":true,"href":"https:\/\/archive.sana.sy\/es\/index.php?rest_route=%2Fwp%2Fv2%2Fcomments&post=139855"}],"version-history":[{"count":0,"href":"https:\/\/archive.sana.sy\/es\/index.php?rest_route=\/wp\/v2\/posts\/139855\/revisions"}],"wp:featuredmedia":[{"embeddable":true,"href":"https:\/\/archive.sana.sy\/es\/index.php?rest_route=\/wp\/v2\/media\/139856"}],"wp:attachment":[{"href":"https:\/\/archive.sana.sy\/es\/index.php?rest_route=%2Fwp%2Fv2%2Fmedia&parent=139855"}],"wp:term":[{"taxonomy":"category","embeddable":true,"href":"https:\/\/archive.sana.sy\/es\/index.php?rest_route=%2Fwp%2Fv2%2Fcategories&post=139855"},{"taxonomy":"post_tag","embeddable":true,"href":"https:\/\/archive.sana.sy\/es\/index.php?rest_route=%2Fwp%2Fv2%2Ftags&post=139855"}],"curies":[{"name":"wp","href":"https:\/\/api.w.org\/{rel}","templated":true}]}}