{"id":139861,"date":"2020-05-21T21:33:07","date_gmt":"2020-05-21T18:33:07","guid":{"rendered":"http:\/\/sana.sy\/es\/?p=139861"},"modified":"2020-05-21T21:33:07","modified_gmt":"2020-05-21T18:33:07","slug":"turquia-asienta-a-familias-de-mercenarios-en-casas-de-civiles-desplazados-en-ras-al-ain","status":"publish","type":"post","link":"https:\/\/archive.sana.sy\/es\/?p=139861","title":{"rendered":"Turqu\u00eda asienta a familias de mercenarios en casas de civiles desplazados en Ras al-Ain"},"content":{"rendered":"<p style=\"text-align: justify;\"><span style=\"color: #800000;\"><strong>Hasakeh, SANA<\/strong><\/span><\/p>\n<p style=\"text-align: justify;\">Las fuerzas de ocupaci\u00f3n turcas continuaron sus cr\u00edmenes contra los residentes de la ciudad de Ras al-Ain, al noroeste de Hasakeh, donde introdujeron a grupos de familias mercenarias a la ciudad para asentarlos en casas ajenas cuyos \u00a0propietarios hab\u00edan sido desplazados a manos de la ocupaci\u00f3n y sus mercenarios.<\/p>\n<p style=\"text-align: justify;\">El corresponsal SANA en Hasakeh cit\u00f3 activistas locales que las fuerzas de ocupaci\u00f3n turcas introdujeron hoy 3 autobuses que transportaban a m\u00e1s de 20 familias de mercenarios proturcos desde el territorio turco hacia la ciudad de Ras al-Ain a trav\u00e9s de la aldea fronteriza de Sukkaria antes de dirigirse a los barrios de la ciudad donde decenas de personas fueron vistas entrando en las casas que hab\u00edan sido confiscadas por la ocupaci\u00f3n turca despu\u00e9s de que sus propietarios originales se vieran obligados a desplazarse.<\/p>\n<p style=\"text-align: justify;\">Desde la ocupaci\u00f3n de Ras al-Ain, las fuerzas del r\u00e9gimen turco trasladaron a cientos de familias y las asentaron en las casas de propietarios desplazados por la fuerza como parte del cambio demogr\u00e1fico que el r\u00e9gimen de Erdogan lleva a cabo en las zonas fronterizas sirias.<\/p>\n<p style=\"text-align: justify;\"><span style=\"color: #0000ff;\"><strong>A. H.\/ R. Sh.<\/strong><\/span><\/p>\n","protected":false},"excerpt":{"rendered":"<p>Hasakeh, SANA Las fuerzas de ocupaci\u00f3n turcas continuaron sus cr\u00edmenes contra los residentes de la ciudad de Ras al-Ain, al noroeste de Hasakeh, donde introdujeron a grupos de familias mercenarias a la ciudad para asentarlos en casas ajenas cuyos \u00a0propietarios hab\u00edan sido desplazados a manos de la ocupaci\u00f3n y sus mercenarios. El corresponsal SANA en &hellip;<\/p>\n","protected":false},"author":30,"featured_media":139862,"comment_status":"closed","ping_status":"closed","sticky":false,"template":"","format":"standard","meta":{"footnotes":""},"categories":[597,573,7541],"tags":[17798],"class_list":["post-139861","post","type-post","status-publish","format-standard","has-post-thumbnail","","category-cinta-de-noticias","category-la-realidad-de-los-acontecimientos-en-siria","category-ultimas-noticias","tag-turquia-asienta-a-familias-de-mercenarios-en-casas-de-civiles-desplazados-en-ras-al-ain"],"_links":{"self":[{"href":"https:\/\/archive.sana.sy\/es\/index.php?rest_route=\/wp\/v2\/posts\/139861"}],"collection":[{"href":"https:\/\/archive.sana.sy\/es\/index.php?rest_route=\/wp\/v2\/posts"}],"about":[{"href":"https:\/\/archive.sana.sy\/es\/index.php?rest_route=\/wp\/v2\/types\/post"}],"author":[{"embeddable":true,"href":"https:\/\/archive.sana.sy\/es\/index.php?rest_route=\/wp\/v2\/users\/30"}],"replies":[{"embeddable":true,"href":"https:\/\/archive.sana.sy\/es\/index.php?rest_route=%2Fwp%2Fv2%2Fcomments&post=139861"}],"version-history":[{"count":0,"href":"https:\/\/archive.sana.sy\/es\/index.php?rest_route=\/wp\/v2\/posts\/139861\/revisions"}],"wp:featuredmedia":[{"embeddable":true,"href":"https:\/\/archive.sana.sy\/es\/index.php?rest_route=\/wp\/v2\/media\/139862"}],"wp:attachment":[{"href":"https:\/\/archive.sana.sy\/es\/index.php?rest_route=%2Fwp%2Fv2%2Fmedia&parent=139861"}],"wp:term":[{"taxonomy":"category","embeddable":true,"href":"https:\/\/archive.sana.sy\/es\/index.php?rest_route=%2Fwp%2Fv2%2Fcategories&post=139861"},{"taxonomy":"post_tag","embeddable":true,"href":"https:\/\/archive.sana.sy\/es\/index.php?rest_route=%2Fwp%2Fv2%2Ftags&post=139861"}],"curies":[{"name":"wp","href":"https:\/\/api.w.org\/{rel}","templated":true}]}}