{"id":139865,"date":"2020-05-21T22:36:20","date_gmt":"2020-05-21T19:36:20","guid":{"rendered":"http:\/\/sana.sy\/es\/?p=139865"},"modified":"2020-05-21T22:36:32","modified_gmt":"2020-05-21T19:36:32","slug":"educacion-emite-el-plan-de-emergencia-sanitaria-durante-los-examenes-del-ano-escolar-2019-2020","status":"publish","type":"post","link":"https:\/\/archive.sana.sy\/es\/?p=139865","title":{"rendered":"Educaci\u00f3n emite el plan de emergencia sanitaria durante los ex\u00e1menes del a\u00f1o escolar 2019-2020"},"content":{"rendered":"<p style=\"text-align: justify;\">\u00a0<span style=\"color: #800000;\"><strong>Damasco, SANA<\/strong> <\/span><\/p>\n<p style=\"text-align: justify;\">\u00a0El Ministerio de Educaci\u00f3n emiti\u00f3 el plan de emergencia sanitaria durante el periodo de ex\u00e1menes generales del a\u00f1o docente 2019-2020 en marco de las medidas adoptadas para hacer frente al coronavirus y preservar la salud de los estudiantes y trabajadores en los centros de ex\u00e1menes.<\/p>\n<p style=\"text-align: justify;\">En una nota llegada a nuestra redacci\u00f3n, el ministerio determin\u00f3 en 15-20 el n\u00famero de estudiantes en cada aula garantizando as\u00ed un distanciamiento de 1,5 metros, y afirm\u00f3 que ser\u00e1n esterilizados por los centros de ex\u00e1menes (pisos, paredes, ventanas, escaleras, ba\u00f1os y mueble), as\u00ed como ser\u00e1n desinfectadas a diario las superficies (asientos, puertas, escaleras, oficinas y mesas), a\u00f1\u00e1dale la esterilizaci\u00f3n de manos de los alumnos, observadores, delegados y visitantes.<\/p>\n<p style=\"text-align: justify;\">El ministerio se\u00f1al\u00f3 que el uso de mascarillas durante los ex\u00e1menes se limitar\u00e1 a los estudiantes enfermos para prevenir posibles contagios, y los observadores se pondr\u00e1n guantes que ser\u00e1n entregados gratuitamente junto a las mascarillas en los centros de ex\u00e1menes.<\/p>\n<p style=\"text-align: justify;\"><span style=\"color: #0000ff;\"><strong>R. Sh.\/ A. H.<\/strong><\/span><\/p>\n","protected":false},"excerpt":{"rendered":"<p>\u00a0Damasco, SANA \u00a0El Ministerio de Educaci\u00f3n emiti\u00f3 el plan de emergencia sanitaria durante el periodo de ex\u00e1menes generales del a\u00f1o docente 2019-2020 en marco de las medidas adoptadas para hacer frente al coronavirus y preservar la salud de los estudiantes y trabajadores en los centros de ex\u00e1menes. En una nota llegada a nuestra redacci\u00f3n, el &hellip;<\/p>\n","protected":false},"author":30,"featured_media":139866,"comment_status":"closed","ping_status":"closed","sticky":false,"template":"","format":"standard","meta":{"footnotes":""},"categories":[597,476],"tags":[17799],"class_list":["post-139865","post","type-post","status-publish","format-standard","has-post-thumbnail","","category-cinta-de-noticias","category-locales","tag-educacion-emite-el-plan-de-emergencia-sanitaria-durante-los-examenes-del-ano-escolar-2019-2020"],"_links":{"self":[{"href":"https:\/\/archive.sana.sy\/es\/index.php?rest_route=\/wp\/v2\/posts\/139865"}],"collection":[{"href":"https:\/\/archive.sana.sy\/es\/index.php?rest_route=\/wp\/v2\/posts"}],"about":[{"href":"https:\/\/archive.sana.sy\/es\/index.php?rest_route=\/wp\/v2\/types\/post"}],"author":[{"embeddable":true,"href":"https:\/\/archive.sana.sy\/es\/index.php?rest_route=\/wp\/v2\/users\/30"}],"replies":[{"embeddable":true,"href":"https:\/\/archive.sana.sy\/es\/index.php?rest_route=%2Fwp%2Fv2%2Fcomments&post=139865"}],"version-history":[{"count":0,"href":"https:\/\/archive.sana.sy\/es\/index.php?rest_route=\/wp\/v2\/posts\/139865\/revisions"}],"wp:featuredmedia":[{"embeddable":true,"href":"https:\/\/archive.sana.sy\/es\/index.php?rest_route=\/wp\/v2\/media\/139866"}],"wp:attachment":[{"href":"https:\/\/archive.sana.sy\/es\/index.php?rest_route=%2Fwp%2Fv2%2Fmedia&parent=139865"}],"wp:term":[{"taxonomy":"category","embeddable":true,"href":"https:\/\/archive.sana.sy\/es\/index.php?rest_route=%2Fwp%2Fv2%2Fcategories&post=139865"},{"taxonomy":"post_tag","embeddable":true,"href":"https:\/\/archive.sana.sy\/es\/index.php?rest_route=%2Fwp%2Fv2%2Ftags&post=139865"}],"curies":[{"name":"wp","href":"https:\/\/api.w.org\/{rel}","templated":true}]}}