{"id":13987,"date":"2014-12-09T18:21:54","date_gmt":"2014-12-09T16:21:54","guid":{"rendered":"http:\/\/www.sana.sy\/es\/?p=13987"},"modified":"2014-12-10T09:32:26","modified_gmt":"2014-12-10T07:32:26","slug":"siria-participa-en-la-conferencia-sobre-el-impacto-humanitario-de-las-armas-nucleares","status":"publish","type":"post","link":"https:\/\/archive.sana.sy\/es\/?p=13987","title":{"rendered":"Siria participa en la Conferencia sobre el Impacto Humanitario de las Armas Nucleares"},"content":{"rendered":"<p>Viena, SANA<\/p>\n<p>Se dio apertura este martes en la capital austriaca Viena, a las labores de la Conferencia sobre el Impacto Humanitario de las Armas Nucleares.<\/p>\n<p>En un discurso pronunciado durante la apertura de la Conferencia, el canciller austriaco Sebasti\u00e1n Kurz, advirti\u00f3 de los efectos devastadores de los desastres nucleares, pidiendo m\u00e1s esfuerzos para poner fin a la propagaci\u00f3n de las armas nucleares.<\/p>\n<p>Kurz se\u00f1al\u00f3 que la participaci\u00f3n de 160 pa\u00edses del mundo en la conferencia constituye una clara muestra de la importancia de este tema para todo el mundo, y explic\u00f3 que el uso de armas nucleares es todav\u00eda una realidad que podr\u00edamos vivir y que este escenario podr\u00eda destruir a toda la humanidad.<\/p>\n<p>A su vez, el Secretario General de las Naciones Unidas, Ban Ki-moon, advirti\u00f3 en un discurso pronunciado en su nombre por Angela Kane, la Secretaria General Adjunta de Asuntos de Desarme, advirti\u00f3 del riesgo de poseer armas nucleares, haciendo hincapi\u00e9 en que la posesi\u00f3n de muchos pa\u00edses en el mundo de este arma no va a traer la seguridad y la seguridad.<\/p>\n<p>Por su parte, el Papa Francisco pidi\u00f3 en un discurso pronunciado en su nombre, pidi\u00f3 a los participantes de la conferencia prohibir el uso del arma nuclear por ser una amenaza y por sus consecuencias desastrosas para todos.<\/p>\n<p>Los participantes en esta conferencia que representan a 160 pa\u00edses, inclusive Siria debatir\u00e1n el peligro de las cabezas nucleares en el mundo, cuyo n\u00famero roza unas 16 mil y 300, as\u00ed como las v\u00edas de alcanzar un mundo libre de este tipo de armas.<\/p>\n<p>Encabeza la delegaci\u00f3n de Siria el embajador de Siria de Austria, Bassam Sabbagh.<\/p>\n<p>La conferencia que se desarrollar\u00e1 a lo largo de dos d\u00edas abordar\u00e1 tambi\u00e9n las cat\u00e1strofes humanitarias resultantes de una posible explosi\u00f3n nuclear, y el peligro que corre el mundo debido a los ensayos\u00a0nucleares.<\/p>\n<p>Lynn A., Fady M.<\/p>\n","protected":false},"excerpt":{"rendered":"<p>Viena, SANA Se dio apertura este martes en la capital austriaca Viena, a las labores de la Conferencia sobre el Impacto Humanitario de las Armas Nucleares. En un discurso pronunciado durante la apertura de la Conferencia, el canciller austriaco Sebasti\u00e1n Kurz, advirti\u00f3 de los efectos devastadores de los desastres nucleares, pidiendo m\u00e1s esfuerzos para poner &hellip;<\/p>\n","protected":false},"author":24,"featured_media":13990,"comment_status":"closed","ping_status":"closed","sticky":false,"template":"","format":"standard","meta":{"footnotes":""},"categories":[456,457,576],"tags":[3171],"class_list":["post-13987","post","type-post","status-publish","format-standard","has-post-thumbnail","","category-arabe-internacional-politica","category-noticias-arabe-internacional-politica","category-noticias-politicas","tag-siria-participa-en-la-conferencia-sobre-el-impacto-humanitario-de-las-armas-nucleares"],"_links":{"self":[{"href":"https:\/\/archive.sana.sy\/es\/index.php?rest_route=\/wp\/v2\/posts\/13987"}],"collection":[{"href":"https:\/\/archive.sana.sy\/es\/index.php?rest_route=\/wp\/v2\/posts"}],"about":[{"href":"https:\/\/archive.sana.sy\/es\/index.php?rest_route=\/wp\/v2\/types\/post"}],"author":[{"embeddable":true,"href":"https:\/\/archive.sana.sy\/es\/index.php?rest_route=\/wp\/v2\/users\/24"}],"replies":[{"embeddable":true,"href":"https:\/\/archive.sana.sy\/es\/index.php?rest_route=%2Fwp%2Fv2%2Fcomments&post=13987"}],"version-history":[{"count":0,"href":"https:\/\/archive.sana.sy\/es\/index.php?rest_route=\/wp\/v2\/posts\/13987\/revisions"}],"wp:featuredmedia":[{"embeddable":true,"href":"https:\/\/archive.sana.sy\/es\/index.php?rest_route=\/wp\/v2\/media\/13990"}],"wp:attachment":[{"href":"https:\/\/archive.sana.sy\/es\/index.php?rest_route=%2Fwp%2Fv2%2Fmedia&parent=13987"}],"wp:term":[{"taxonomy":"category","embeddable":true,"href":"https:\/\/archive.sana.sy\/es\/index.php?rest_route=%2Fwp%2Fv2%2Fcategories&post=13987"},{"taxonomy":"post_tag","embeddable":true,"href":"https:\/\/archive.sana.sy\/es\/index.php?rest_route=%2Fwp%2Fv2%2Ftags&post=13987"}],"curies":[{"name":"wp","href":"https:\/\/api.w.org\/{rel}","templated":true}]}}