{"id":139882,"date":"2020-05-22T08:04:14","date_gmt":"2020-05-22T05:04:14","guid":{"rendered":"http:\/\/sana.sy\/es\/?p=139882"},"modified":"2023-01-12T14:44:18","modified_gmt":"2023-01-12T12:44:18","slug":"washington-deporto-a-ninos-emigrantes-pese-a-la-pandemia-del-nuevo-coronavirus","status":"publish","type":"post","link":"https:\/\/archive.sana.sy\/es\/?p=139882","title":{"rendered":"Washington deport\u00f3 a ni\u00f1os emigrantes pese a la Pandemia del nuevo Coronavirus"},"content":{"rendered":"<p style=\"text-align: justify;\"><span style=\"color: #800000;\"><strong>Nueva York, SANA<\/strong><\/span><\/p>\n<p style=\"text-align: justify;\">\u201cEstados Unidos repatri\u00f3 a 1.000 ni\u00f1os migrantes que fueron separados de sus familias desde marzo, a pesar del riesgo de violencia y discriminaci\u00f3n debido a la pandemia de Coronavirus\u201d, afirm\u00f3 la UNICEF.<\/p>\n<p style=\"text-align: justify;\">Esta organizaci\u00f3n advirti\u00f3 que &#8220;los ni\u00f1os y j\u00f3venes devueltos a M\u00e9xico por Estados Unidos se enfrentaban a riesgos adicionales porque podr\u00edan estar infectados con Covid-19&#8221;.<\/p>\n<p style=\"text-align: justify;\">La Directora Ejecutiva de la Organizaci\u00f3n UNICEF, Henrietta Four, dijo que &#8220;Covid-19 empeora la situaci\u00f3n, y la discriminaci\u00f3n y los ataques se han sumado a las amenazas ya existentes.<\/p>\n<p style=\"text-align: justify;\">&#8220;Esto significa que muchos ni\u00f1os que regresan corren un doble y mayor riesgo que en sus comunidades cuando se fueron&#8221;, a\u00f1adi\u00f3.<\/p>\n<p style=\"text-align: justify;\"><span style=\"color: #0000ff;\"><strong>A. H.\/ F. M.<\/strong><\/span><\/p>\n","protected":false},"excerpt":{"rendered":"<p>Nueva York, SANA \u201cEstados Unidos repatri\u00f3 a 1.000 ni\u00f1os migrantes que fueron separados de sus familias desde marzo, a pesar del riesgo de violencia y discriminaci\u00f3n debido a la pandemia de Coronavirus\u201d, afirm\u00f3 la UNICEF. Esta organizaci\u00f3n advirti\u00f3 que &#8220;los ni\u00f1os y j\u00f3venes devueltos a M\u00e9xico por Estados Unidos se enfrentaban a riesgos adicionales porque &hellip;<\/p>\n","protected":false},"author":30,"featured_media":139883,"comment_status":"closed","ping_status":"closed","sticky":false,"template":"","format":"standard","meta":{"footnotes":""},"categories":[597,456],"tags":[17804],"class_list":["post-139882","post","type-post","status-publish","format-standard","has-post-thumbnail","","category-cinta-de-noticias","category-arabe-internacional-politica","tag-washington-deporto-a-ninos-emigrantes-pese-a-la-pandemia-del-nuevo-coronavirus"],"_links":{"self":[{"href":"https:\/\/archive.sana.sy\/es\/index.php?rest_route=\/wp\/v2\/posts\/139882"}],"collection":[{"href":"https:\/\/archive.sana.sy\/es\/index.php?rest_route=\/wp\/v2\/posts"}],"about":[{"href":"https:\/\/archive.sana.sy\/es\/index.php?rest_route=\/wp\/v2\/types\/post"}],"author":[{"embeddable":true,"href":"https:\/\/archive.sana.sy\/es\/index.php?rest_route=\/wp\/v2\/users\/30"}],"replies":[{"embeddable":true,"href":"https:\/\/archive.sana.sy\/es\/index.php?rest_route=%2Fwp%2Fv2%2Fcomments&post=139882"}],"version-history":[{"count":0,"href":"https:\/\/archive.sana.sy\/es\/index.php?rest_route=\/wp\/v2\/posts\/139882\/revisions"}],"wp:featuredmedia":[{"embeddable":true,"href":"https:\/\/archive.sana.sy\/es\/index.php?rest_route=\/wp\/v2\/media\/139883"}],"wp:attachment":[{"href":"https:\/\/archive.sana.sy\/es\/index.php?rest_route=%2Fwp%2Fv2%2Fmedia&parent=139882"}],"wp:term":[{"taxonomy":"category","embeddable":true,"href":"https:\/\/archive.sana.sy\/es\/index.php?rest_route=%2Fwp%2Fv2%2Fcategories&post=139882"},{"taxonomy":"post_tag","embeddable":true,"href":"https:\/\/archive.sana.sy\/es\/index.php?rest_route=%2Fwp%2Fv2%2Ftags&post=139882"}],"curies":[{"name":"wp","href":"https:\/\/api.w.org\/{rel}","templated":true}]}}