{"id":139916,"date":"2020-05-22T07:59:44","date_gmt":"2020-05-22T04:59:44","guid":{"rendered":"http:\/\/sana.sy\/es\/?p=139916"},"modified":"2020-05-22T13:20:49","modified_gmt":"2020-05-22T10:20:49","slug":"federacion-siria-de-baloncesto-reanudara-sus-actividades-el-dia-1-de-junio-proximo","status":"publish","type":"post","link":"https:\/\/archive.sana.sy\/es\/?p=139916","title":{"rendered":"Federaci\u00f3n Siria de Baloncesto reanudar\u00e1 sus actividades el d\u00eda 1 de junio pr\u00f3ximo"},"content":{"rendered":"<p style=\"text-align: justify;\"><span style=\"color: #800000;\"><strong>Damasco, SANA<\/strong><\/span><\/p>\n<p style=\"text-align: justify;\">La Federaci\u00f3n Siria de Baloncesto decidi\u00f3 reanudar sus actividades a partir del d\u00eda 1 de junio pr\u00f3ximo.<\/p>\n<p style=\"text-align: justify;\">Un comunicado de la federaci\u00f3n indic\u00f3 que las actividades incluyen las competiciones de clubes de primera categor\u00eda, masculino y femenino, adem\u00e1s de las finales de los clubes de la Liga de Segunda Categor\u00eda.<\/p>\n<p style=\"text-align: justify;\">Todas las actividades de este deporte fueron suspendidas desde el 8 de marzo de acuerdo con la pol\u00edtica de la AFC y las medidas cautelares para enfrontar la propagaci\u00f3n del Coronavirus.<\/p>\n<p style=\"text-align: justify;\"><span style=\"color: #0000ff;\"><strong>A. H.\/ F. M.<\/strong><\/span><\/p>\n","protected":false},"excerpt":{"rendered":"<p>Damasco, SANA La Federaci\u00f3n Siria de Baloncesto decidi\u00f3 reanudar sus actividades a partir del d\u00eda 1 de junio pr\u00f3ximo. Un comunicado de la federaci\u00f3n indic\u00f3 que las actividades incluyen las competiciones de clubes de primera categor\u00eda, masculino y femenino, adem\u00e1s de las finales de los clubes de la Liga de Segunda Categor\u00eda. Todas las actividades &hellip;<\/p>\n","protected":false},"author":30,"featured_media":139917,"comment_status":"closed","ping_status":"closed","sticky":false,"template":"","format":"standard","meta":{"footnotes":""},"categories":[597,494,7541],"tags":[17809],"class_list":["post-139916","post","type-post","status-publish","format-standard","has-post-thumbnail","","category-cinta-de-noticias","category-deportes","category-ultimas-noticias","tag-federacion-siria-de-baloncesto-reanudara-sus-actividades-el-dia-1-de-junio-proximo"],"_links":{"self":[{"href":"https:\/\/archive.sana.sy\/es\/index.php?rest_route=\/wp\/v2\/posts\/139916"}],"collection":[{"href":"https:\/\/archive.sana.sy\/es\/index.php?rest_route=\/wp\/v2\/posts"}],"about":[{"href":"https:\/\/archive.sana.sy\/es\/index.php?rest_route=\/wp\/v2\/types\/post"}],"author":[{"embeddable":true,"href":"https:\/\/archive.sana.sy\/es\/index.php?rest_route=\/wp\/v2\/users\/30"}],"replies":[{"embeddable":true,"href":"https:\/\/archive.sana.sy\/es\/index.php?rest_route=%2Fwp%2Fv2%2Fcomments&post=139916"}],"version-history":[{"count":0,"href":"https:\/\/archive.sana.sy\/es\/index.php?rest_route=\/wp\/v2\/posts\/139916\/revisions"}],"wp:featuredmedia":[{"embeddable":true,"href":"https:\/\/archive.sana.sy\/es\/index.php?rest_route=\/wp\/v2\/media\/139917"}],"wp:attachment":[{"href":"https:\/\/archive.sana.sy\/es\/index.php?rest_route=%2Fwp%2Fv2%2Fmedia&parent=139916"}],"wp:term":[{"taxonomy":"category","embeddable":true,"href":"https:\/\/archive.sana.sy\/es\/index.php?rest_route=%2Fwp%2Fv2%2Fcategories&post=139916"},{"taxonomy":"post_tag","embeddable":true,"href":"https:\/\/archive.sana.sy\/es\/index.php?rest_route=%2Fwp%2Fv2%2Ftags&post=139916"}],"curies":[{"name":"wp","href":"https:\/\/api.w.org\/{rel}","templated":true}]}}