{"id":139919,"date":"2020-05-22T16:04:44","date_gmt":"2020-05-22T13:04:44","guid":{"rendered":"http:\/\/sana.sy\/es\/?p=139919"},"modified":"2023-01-12T14:44:17","modified_gmt":"2023-01-12T12:44:17","slug":"fuerzas-iraquies-neutralizan-a-cinco-terroristas-en-salah-al-din","status":"publish","type":"post","link":"https:\/\/archive.sana.sy\/es\/?p=139919","title":{"rendered":"Fuerzas iraqu\u00edes neutralizan a cinco terroristas en Salah al-Din"},"content":{"rendered":"<p><span style=\"color: #800000;\">Bagdad, SANA<\/span><\/p>\n<p style=\"text-align: justify;\">Las fuerzas iraqu\u00edes lograron eliminar a cinco terroristas a trav\u00e9s de una operaci\u00f3n de seguridad realizada en la gobernaci\u00f3n de Salah al-Din, en el centro del pa\u00eds.<\/p>\n<p style=\"text-align: justify;\">De acuerdo con el departamento de prensa del Servicio de Seguridad Iraqu\u00ed \u201cuna fuerza de la Brigada de Comandos, del Comando de Operaciones Salah al-Din, dispar\u00f3 un misil t\u00e9rmico hacia un autom\u00f3vil que transportaba a cinco terroristas en el \u00e1rea de Umm Tlil de Matabija,\u201d.<\/p>\n<p style=\"text-align: justify;\">Anteriormente, las fuerzas iraqu\u00edes anunciaron la eliminaci\u00f3n de tres terroristas del &#8220;Daesh&#8221; en el \u00e1rea de Al-Eith en Salah Al-Din.<\/p>\n<p>M.M<\/p>\n","protected":false},"excerpt":{"rendered":"<p>Bagdad, SANA Las fuerzas iraqu\u00edes lograron eliminar a cinco terroristas a trav\u00e9s de una operaci\u00f3n de seguridad realizada en la gobernaci\u00f3n de Salah al-Din, en el centro del pa\u00eds. De acuerdo con el departamento de prensa del Servicio de Seguridad Iraqu\u00ed \u201cuna fuerza de la Brigada de Comandos, del Comando de Operaciones Salah al-Din, dispar\u00f3 &hellip;<\/p>\n","protected":false},"author":36,"featured_media":45910,"comment_status":"closed","ping_status":"closed","sticky":false,"template":"","format":"standard","meta":{"footnotes":""},"categories":[597,456,457],"tags":[],"class_list":["post-139919","post","type-post","status-publish","format-standard","has-post-thumbnail","","category-cinta-de-noticias","category-arabe-internacional-politica","category-noticias-arabe-internacional-politica"],"_links":{"self":[{"href":"https:\/\/archive.sana.sy\/es\/index.php?rest_route=\/wp\/v2\/posts\/139919"}],"collection":[{"href":"https:\/\/archive.sana.sy\/es\/index.php?rest_route=\/wp\/v2\/posts"}],"about":[{"href":"https:\/\/archive.sana.sy\/es\/index.php?rest_route=\/wp\/v2\/types\/post"}],"author":[{"embeddable":true,"href":"https:\/\/archive.sana.sy\/es\/index.php?rest_route=\/wp\/v2\/users\/36"}],"replies":[{"embeddable":true,"href":"https:\/\/archive.sana.sy\/es\/index.php?rest_route=%2Fwp%2Fv2%2Fcomments&post=139919"}],"version-history":[{"count":0,"href":"https:\/\/archive.sana.sy\/es\/index.php?rest_route=\/wp\/v2\/posts\/139919\/revisions"}],"wp:featuredmedia":[{"embeddable":true,"href":"https:\/\/archive.sana.sy\/es\/index.php?rest_route=\/wp\/v2\/media\/45910"}],"wp:attachment":[{"href":"https:\/\/archive.sana.sy\/es\/index.php?rest_route=%2Fwp%2Fv2%2Fmedia&parent=139919"}],"wp:term":[{"taxonomy":"category","embeddable":true,"href":"https:\/\/archive.sana.sy\/es\/index.php?rest_route=%2Fwp%2Fv2%2Fcategories&post=139919"},{"taxonomy":"post_tag","embeddable":true,"href":"https:\/\/archive.sana.sy\/es\/index.php?rest_route=%2Fwp%2Fv2%2Ftags&post=139919"}],"curies":[{"name":"wp","href":"https:\/\/api.w.org\/{rel}","templated":true}]}}