{"id":139921,"date":"2020-05-22T08:24:31","date_gmt":"2020-05-22T05:24:31","guid":{"rendered":"http:\/\/sana.sy\/es\/?p=139921"},"modified":"2023-01-12T14:44:18","modified_gmt":"2023-01-12T12:44:18","slug":"fuerzas-de-ocupacion-queman-cientos-de-olivos-al-sur-de-jenin","status":"publish","type":"post","link":"https:\/\/archive.sana.sy\/es\/?p=139921","title":{"rendered":"Fuerzas de ocupaci\u00f3n israel\u00edes queman cientos de olivos en tierras palestinas"},"content":{"rendered":"<p><span style=\"color: #800000;\">Jerusal\u00e9n ocupada, SANA<\/span><\/p>\n<p style=\"text-align: justify;\">Las fuerzas de ocupaci\u00f3n israel\u00edes quemaron cientos de olivos en granjas palestinas en la aldea de Dhahr Al-Abd, al suroeste de Jenin, en la ocupada Cisjordania.<\/p>\n<p style=\"text-align: justify;\">El jefe del consejo local de Dhahr Al-Abd, Tarq Amarnah, declar\u00f3 que las fuerzas israel\u00edes asaltaron la aldea y dispararon bombas de sonido contra terrenos palestinos, dejando a 120 olivos quemados.<\/p>\n<p style=\"text-align: justify;\">\u00daltimamente, las fuerzas de ocupaci\u00f3n est\u00e1n intensificando sus pr\u00e1cticas agresivas contra los palestinos y sus propiedades en sus ciudades y pueblos con el objetivo de desplazarlos y apoderarse de sus tierras.<\/p>\n<p>M.M\/ F.M<\/p>\n","protected":false},"excerpt":{"rendered":"<p>Jerusal\u00e9n ocupada, SANA Las fuerzas de ocupaci\u00f3n israel\u00edes quemaron cientos de olivos en granjas palestinas en la aldea de Dhahr Al-Abd, al suroeste de Jenin, en la ocupada Cisjordania. El jefe del consejo local de Dhahr Al-Abd, Tarq Amarnah, declar\u00f3 que las fuerzas israel\u00edes asaltaron la aldea y dispararon bombas de sonido contra terrenos palestinos, &hellip;<\/p>\n","protected":false},"author":36,"featured_media":139922,"comment_status":"closed","ping_status":"closed","sticky":false,"template":"","format":"standard","meta":{"footnotes":""},"categories":[597,456,457,7541],"tags":[],"class_list":["post-139921","post","type-post","status-publish","format-standard","has-post-thumbnail","","category-cinta-de-noticias","category-arabe-internacional-politica","category-noticias-arabe-internacional-politica","category-ultimas-noticias"],"_links":{"self":[{"href":"https:\/\/archive.sana.sy\/es\/index.php?rest_route=\/wp\/v2\/posts\/139921"}],"collection":[{"href":"https:\/\/archive.sana.sy\/es\/index.php?rest_route=\/wp\/v2\/posts"}],"about":[{"href":"https:\/\/archive.sana.sy\/es\/index.php?rest_route=\/wp\/v2\/types\/post"}],"author":[{"embeddable":true,"href":"https:\/\/archive.sana.sy\/es\/index.php?rest_route=\/wp\/v2\/users\/36"}],"replies":[{"embeddable":true,"href":"https:\/\/archive.sana.sy\/es\/index.php?rest_route=%2Fwp%2Fv2%2Fcomments&post=139921"}],"version-history":[{"count":0,"href":"https:\/\/archive.sana.sy\/es\/index.php?rest_route=\/wp\/v2\/posts\/139921\/revisions"}],"wp:featuredmedia":[{"embeddable":true,"href":"https:\/\/archive.sana.sy\/es\/index.php?rest_route=\/wp\/v2\/media\/139922"}],"wp:attachment":[{"href":"https:\/\/archive.sana.sy\/es\/index.php?rest_route=%2Fwp%2Fv2%2Fmedia&parent=139921"}],"wp:term":[{"taxonomy":"category","embeddable":true,"href":"https:\/\/archive.sana.sy\/es\/index.php?rest_route=%2Fwp%2Fv2%2Fcategories&post=139921"},{"taxonomy":"post_tag","embeddable":true,"href":"https:\/\/archive.sana.sy\/es\/index.php?rest_route=%2Fwp%2Fv2%2Ftags&post=139921"}],"curies":[{"name":"wp","href":"https:\/\/api.w.org\/{rel}","templated":true}]}}