{"id":139924,"date":"2020-05-22T16:53:34","date_gmt":"2020-05-22T13:53:34","guid":{"rendered":"http:\/\/sana.sy\/es\/?p=139924"},"modified":"2023-01-10T15:28:49","modified_gmt":"2023-01-10T13:28:49","slug":"250-mil-hectareas-de-cebada-cosechada-hasta-ahora-y-el-plan-se-cumple-en-100","status":"publish","type":"post","link":"https:\/\/archive.sana.sy\/es\/?p=139924","title":{"rendered":"250 mil hect\u00e1reas de cebada cosechada hasta ahora y el plan se cumple en 100%"},"content":{"rendered":"<p><span style=\"color: #800000;\">Damasco, SANA<\/span><\/p>\n<p style=\"text-align: justify;\">Abdul Moeen Qadmani, director del Departamento de Producci\u00f3n Vegetal del Ministerio de Agricultura y Reforma Agraria, indic\u00f3 que la cosecha de cebada comenz\u00f3 en la mayor\u00eda de las provincias del pa\u00eds.<\/p>\n<p style=\"text-align: justify;\">En declaraciones a SANA, Qadmani se\u00f1al\u00f3 que hubo un aumento en las \u00e1reas sembradas con cebada para la temporada actual en comparaci\u00f3n con la temporada anterior, especialmente en Raqa, Hasakeh y Alepo, debido al retorno de la seguridad y la estabilidad, y garantizar los requisitos necesario como la mano de obra agr\u00edcola.<\/p>\n<p style=\"text-align: justify;\">Revel\u00f3 que el \u00e1rea sembrada con cebada alcanz\u00f3 un mill\u00f3n 505 mil 502 hect\u00e1reas, con una implementaci\u00f3n del 100%.<\/p>\n<p style=\"text-align: justify;\">Qadmani punte\u00f3 que las \u00e1reas cosechadas de cebada hasta la fecha ascendieron a m\u00e1s de 250 mil hect\u00e1reas.<\/p>\n<p>&nbsp;<\/p>\n<div id='gallery-1' class='gallery galleryid-139924 gallery-columns-1 gallery-size-full'><figure class='gallery-item'>\n\t\t\t<div class='gallery-icon landscape'>\n\t\t\t\t<a href='https:\/\/archive.sana.sy\/es\/?attachment_id=139926'><img loading=\"lazy\" decoding=\"async\" width=\"660\" height=\"449\" src=\"https:\/\/archive.sana.sy\/es\/wp-content\/uploads\/2020\/05\/4-8.jpg\" class=\"attachment-full size-full\" alt=\"\" srcset=\"https:\/\/archive.sana.sy\/es\/wp-content\/uploads\/2020\/05\/4-8.jpg 660w, https:\/\/archive.sana.sy\/es\/wp-content\/uploads\/2020\/05\/4-8-300x204.jpg 300w, https:\/\/archive.sana.sy\/es\/wp-content\/uploads\/2020\/05\/4-8-150x102.jpg 150w, https:\/\/archive.sana.sy\/es\/wp-content\/uploads\/2020\/05\/4-8-110x75.jpg 110w\" sizes=\"(max-width: 660px) 100vw, 660px\" \/><\/a>\n\t\t\t<\/div><\/figure><figure class='gallery-item'>\n\t\t\t<div class='gallery-icon landscape'>\n\t\t\t\t<a href='https:\/\/archive.sana.sy\/es\/?attachment_id=139927'><img loading=\"lazy\" decoding=\"async\" width=\"660\" height=\"330\" src=\"https:\/\/archive.sana.sy\/es\/wp-content\/uploads\/2020\/05\/2-13.jpg\" class=\"attachment-full size-full\" alt=\"\" srcset=\"https:\/\/archive.sana.sy\/es\/wp-content\/uploads\/2020\/05\/2-13.jpg 660w, https:\/\/archive.sana.sy\/es\/wp-content\/uploads\/2020\/05\/2-13-300x150.jpg 300w, https:\/\/archive.sana.sy\/es\/wp-content\/uploads\/2020\/05\/2-13-150x75.jpg 150w\" sizes=\"(max-width: 660px) 100vw, 660px\" \/><\/a>\n\t\t\t<\/div><\/figure>\n\t\t<\/div>\n\n<p>M.M\/ F.M<\/p>\n","protected":false},"excerpt":{"rendered":"<p>Damasco, SANA Abdul Moeen Qadmani, director del Departamento de Producci\u00f3n Vegetal del Ministerio de Agricultura y Reforma Agraria, indic\u00f3 que la cosecha de cebada comenz\u00f3 en la mayor\u00eda de las provincias del pa\u00eds. En declaraciones a SANA, Qadmani se\u00f1al\u00f3 que hubo un aumento en las \u00e1reas sembradas con cebada para la temporada actual en comparaci\u00f3n &hellip;<\/p>\n","protected":false},"author":36,"featured_media":139925,"comment_status":"closed","ping_status":"closed","sticky":false,"template":"","format":"standard","meta":{"footnotes":""},"categories":[447,597,16686,485,7541],"tags":[],"class_list":["post-139924","post","type-post","status-publish","format-standard","has-post-thumbnail","","category-local-politica","category-cinta-de-noticias","category-economia","category-informes-negocios-y-finanzas","category-ultimas-noticias"],"_links":{"self":[{"href":"https:\/\/archive.sana.sy\/es\/index.php?rest_route=\/wp\/v2\/posts\/139924"}],"collection":[{"href":"https:\/\/archive.sana.sy\/es\/index.php?rest_route=\/wp\/v2\/posts"}],"about":[{"href":"https:\/\/archive.sana.sy\/es\/index.php?rest_route=\/wp\/v2\/types\/post"}],"author":[{"embeddable":true,"href":"https:\/\/archive.sana.sy\/es\/index.php?rest_route=\/wp\/v2\/users\/36"}],"replies":[{"embeddable":true,"href":"https:\/\/archive.sana.sy\/es\/index.php?rest_route=%2Fwp%2Fv2%2Fcomments&post=139924"}],"version-history":[{"count":0,"href":"https:\/\/archive.sana.sy\/es\/index.php?rest_route=\/wp\/v2\/posts\/139924\/revisions"}],"wp:featuredmedia":[{"embeddable":true,"href":"https:\/\/archive.sana.sy\/es\/index.php?rest_route=\/wp\/v2\/media\/139925"}],"wp:attachment":[{"href":"https:\/\/archive.sana.sy\/es\/index.php?rest_route=%2Fwp%2Fv2%2Fmedia&parent=139924"}],"wp:term":[{"taxonomy":"category","embeddable":true,"href":"https:\/\/archive.sana.sy\/es\/index.php?rest_route=%2Fwp%2Fv2%2Fcategories&post=139924"},{"taxonomy":"post_tag","embeddable":true,"href":"https:\/\/archive.sana.sy\/es\/index.php?rest_route=%2Fwp%2Fv2%2Ftags&post=139924"}],"curies":[{"name":"wp","href":"https:\/\/api.w.org\/{rel}","templated":true}]}}