{"id":139929,"date":"2020-05-22T17:34:13","date_gmt":"2020-05-22T14:34:13","guid":{"rendered":"http:\/\/sana.sy\/es\/?p=139929"},"modified":"2020-05-22T18:53:19","modified_gmt":"2020-05-22T15:53:19","slug":"ocupante-turco-envia-un-convoy-con-material-logistico-a-ras-al-ain","status":"publish","type":"post","link":"https:\/\/archive.sana.sy\/es\/?p=139929","title":{"rendered":"Turqu\u00eda refuerza su ocupaci\u00f3n en Siria con nuevo convoy de material log\u00edstico"},"content":{"rendered":"<p><span style=\"color: #800000;\">Hasakeh, SANA<\/span><\/p>\n<p style=\"text-align: justify;\">El r\u00e9gimen turco contin\u00faa su agresi\u00f3n y ocupaci\u00f3n al territorio siria, y en este sentido, las fuerzas de ocupaci\u00f3n turcas ingresaron este viernes un nuevo convoy de 30 camiones cargados con materiales log\u00edsticos para reforzar sus puntos ilegales en la regi\u00f3n de Ras Al-Ain, en la provincia de Hasakeh.<\/p>\n<p style=\"text-align: justify;\">En declaraciones a SANA, activistas civiles confirmaron que 30 veh\u00edculos militares y camiones cargados con equipo log\u00edstico llegaron a trav\u00e9s del cruce ilegal al oeste de Ras Al-Ain.<\/p>\n<p style=\"text-align: justify;\">El 18 de este mes, el ocupante turco ingres\u00f3 un convoy para reforzar sus puntos y establecer un muro de separaci\u00f3n en la ciudad de Ras Al-Ain.<\/p>\n<p>&nbsp;<\/p>\n<p>M.M\/ F.M<\/p>\n","protected":false},"excerpt":{"rendered":"<p>Hasakeh, SANA El r\u00e9gimen turco contin\u00faa su agresi\u00f3n y ocupaci\u00f3n al territorio siria, y en este sentido, las fuerzas de ocupaci\u00f3n turcas ingresaron este viernes un nuevo convoy de 30 camiones cargados con materiales log\u00edsticos para reforzar sus puntos ilegales en la regi\u00f3n de Ras Al-Ain, en la provincia de Hasakeh. En declaraciones a SANA, &hellip;<\/p>\n","protected":false},"author":36,"featured_media":139933,"comment_status":"closed","ping_status":"closed","sticky":false,"template":"","format":"standard","meta":{"footnotes":""},"categories":[597,573,7541],"tags":[],"class_list":["post-139929","post","type-post","status-publish","format-standard","has-post-thumbnail","","category-cinta-de-noticias","category-la-realidad-de-los-acontecimientos-en-siria","category-ultimas-noticias"],"_links":{"self":[{"href":"https:\/\/archive.sana.sy\/es\/index.php?rest_route=\/wp\/v2\/posts\/139929"}],"collection":[{"href":"https:\/\/archive.sana.sy\/es\/index.php?rest_route=\/wp\/v2\/posts"}],"about":[{"href":"https:\/\/archive.sana.sy\/es\/index.php?rest_route=\/wp\/v2\/types\/post"}],"author":[{"embeddable":true,"href":"https:\/\/archive.sana.sy\/es\/index.php?rest_route=\/wp\/v2\/users\/36"}],"replies":[{"embeddable":true,"href":"https:\/\/archive.sana.sy\/es\/index.php?rest_route=%2Fwp%2Fv2%2Fcomments&post=139929"}],"version-history":[{"count":0,"href":"https:\/\/archive.sana.sy\/es\/index.php?rest_route=\/wp\/v2\/posts\/139929\/revisions"}],"wp:featuredmedia":[{"embeddable":true,"href":"https:\/\/archive.sana.sy\/es\/index.php?rest_route=\/wp\/v2\/media\/139933"}],"wp:attachment":[{"href":"https:\/\/archive.sana.sy\/es\/index.php?rest_route=%2Fwp%2Fv2%2Fmedia&parent=139929"}],"wp:term":[{"taxonomy":"category","embeddable":true,"href":"https:\/\/archive.sana.sy\/es\/index.php?rest_route=%2Fwp%2Fv2%2Fcategories&post=139929"},{"taxonomy":"post_tag","embeddable":true,"href":"https:\/\/archive.sana.sy\/es\/index.php?rest_route=%2Fwp%2Fv2%2Ftags&post=139929"}],"curies":[{"name":"wp","href":"https:\/\/api.w.org\/{rel}","templated":true}]}}