{"id":140008,"date":"2020-05-23T18:25:19","date_gmt":"2020-05-23T15:25:19","guid":{"rendered":"http:\/\/sana.sy\/es\/?p=140008"},"modified":"2020-05-24T10:07:27","modified_gmt":"2020-05-24T07:07:27","slug":"siria-pone-en-funcionamiento-nuevo-pozo-de-gas-con-capacidad-diaria-de-150-mil-metros-cubicos","status":"publish","type":"post","link":"https:\/\/archive.sana.sy\/es\/?p=140008","title":{"rendered":"Siria pone en funcionamiento nuevo pozo de gas con capacidad diaria de 150 mil metros c\u00fabicos"},"content":{"rendered":"<p><span style=\"color: #800000;\">Damasco, SANA<\/span><\/p>\n<p style=\"text-align: justify;\">El Ministerio de Petr\u00f3leo y Recursos Minerales puso en servicio un nuevo pozo de gas (Qara VIII) en el yacimiento gas\u00edfero de Qara ubicado a unos 100 kil\u00f3metros al norte de Damasco.<\/p>\n<p style=\"text-align: justify;\">El nuevo pozo tiene una capacidad de producci\u00f3n diaria de 150 mil metros c\u00fabicos de gas por d\u00eda que alimentar\u00e1n a las centrales el\u00e9ctricas del pa\u00eds.<\/p>\n<p style=\"text-align: justify;\">El ge\u00f3logo Salman Gharib, Director de Campos de Gas en la Regi\u00f3n Central, explic\u00f3 que el nuevo pozo tiene una profundidad de 3513 metros y las obras de perforaci\u00f3n comenzaron el 20 de mayo 2019 y se completaron el 29 de abril del 2020.<\/p>\n<p style=\"text-align: justify;\">Tras inaugurar el nuevo pozo gas\u00edfero, el ministro de Petr\u00f3leo y Recursos Minerales, Ali Ghanem, se mantuvo al tanto del funcionamiento de los diferentes departamentos de la Refiner\u00eda de Homs.<\/p>\n<p style=\"text-align: justify;\">Dijo en declaraciones a SANA que el personal del sector petrolero contin\u00faa trabajando en condiciones muy dif\u00edciles, y destac\u00f3 la labor de los trabajadores de la Refiner\u00eda en el mantenimiento necesario a fin de mejorar la producci\u00f3n.<\/p>\n<p style=\"text-align: justify;\">En diciembre pasado, el Ministerio de Petr\u00f3leo y Recursos Minerales puso en funcionamiento dos nuevos pozos con una producci\u00f3n aproximada de un mill\u00f3n de metros c\u00fabicos de gas por d\u00eda.<\/p>\n<p><span style=\"color: #0000ff;\">FM\/ RR<\/span><\/p>\n<p>&nbsp;<\/p>\n<p><img decoding=\"async\" src=\"http:\/\/www.sana.sy\/wp-content\/uploads\/2020\/05\/gassssssss12.jpg\" \/><\/p>\n","protected":false},"excerpt":{"rendered":"<p>Damasco, SANA El Ministerio de Petr\u00f3leo y Recursos Minerales puso en servicio un nuevo pozo de gas (Qara VIII) en el yacimiento gas\u00edfero de Qara ubicado a unos 100 kil\u00f3metros al norte de Damasco. El nuevo pozo tiene una capacidad de producci\u00f3n diaria de 150 mil metros c\u00fabicos de gas por d\u00eda que alimentar\u00e1n a &hellip;<\/p>\n","protected":false},"author":31,"featured_media":140009,"comment_status":"closed","ping_status":"closed","sticky":false,"template":"","format":"standard","meta":{"footnotes":""},"categories":[597,476,7541],"tags":[],"class_list":["post-140008","post","type-post","status-publish","format-standard","has-post-thumbnail","","category-cinta-de-noticias","category-locales","category-ultimas-noticias"],"_links":{"self":[{"href":"https:\/\/archive.sana.sy\/es\/index.php?rest_route=\/wp\/v2\/posts\/140008"}],"collection":[{"href":"https:\/\/archive.sana.sy\/es\/index.php?rest_route=\/wp\/v2\/posts"}],"about":[{"href":"https:\/\/archive.sana.sy\/es\/index.php?rest_route=\/wp\/v2\/types\/post"}],"author":[{"embeddable":true,"href":"https:\/\/archive.sana.sy\/es\/index.php?rest_route=\/wp\/v2\/users\/31"}],"replies":[{"embeddable":true,"href":"https:\/\/archive.sana.sy\/es\/index.php?rest_route=%2Fwp%2Fv2%2Fcomments&post=140008"}],"version-history":[{"count":0,"href":"https:\/\/archive.sana.sy\/es\/index.php?rest_route=\/wp\/v2\/posts\/140008\/revisions"}],"wp:featuredmedia":[{"embeddable":true,"href":"https:\/\/archive.sana.sy\/es\/index.php?rest_route=\/wp\/v2\/media\/140009"}],"wp:attachment":[{"href":"https:\/\/archive.sana.sy\/es\/index.php?rest_route=%2Fwp%2Fv2%2Fmedia&parent=140008"}],"wp:term":[{"taxonomy":"category","embeddable":true,"href":"https:\/\/archive.sana.sy\/es\/index.php?rest_route=%2Fwp%2Fv2%2Fcategories&post=140008"},{"taxonomy":"post_tag","embeddable":true,"href":"https:\/\/archive.sana.sy\/es\/index.php?rest_route=%2Fwp%2Fv2%2Ftags&post=140008"}],"curies":[{"name":"wp","href":"https:\/\/api.w.org\/{rel}","templated":true}]}}