{"id":14005,"date":"2014-12-09T21:15:07","date_gmt":"2014-12-09T19:15:07","guid":{"rendered":"http:\/\/www.sana.sy\/es\/?p=14005"},"modified":"2014-12-09T21:16:02","modified_gmt":"2014-12-09T19:16:02","slug":"ejercito-evacua-322-personas-de-la-ciudad-de-douma","status":"publish","type":"post","link":"https:\/\/archive.sana.sy\/es\/?p=14005","title":{"rendered":"Ej\u00e9rcito evac\u00faa\u00a0322 personas de la Ciudad de Douma"},"content":{"rendered":"<p style=\"text-align: justify\"><span style=\"color: #800000\">Damasco Campo, SANA<\/span><\/p>\n<p style=\"text-align: justify\">Al margen de sus misiones en salvaguardar los ciudadanos una unidad del ej\u00e9rcito y de las fuerzas armadas han facilitado la salida de 76 familias de la ciudad de Douma en Ghuta Oriental.<\/p>\n<p style=\"text-align: justify\">Una fuente en el mando de la polic\u00eda le confirm\u00f3 a la corresponsal de SANA que las familias que incluyen a 322 personas, ni\u00f1os, mujeres, y hombres, llegaron al Campamento Al-Wafedin donde fueron trasladados a centros de alojamientos temporales en Qudsaya.<\/p>\n<p style=\"text-align: justify\">La fuente aclar\u00f3 que entre las personas que han sido evacuadas, hay 20 armados que se entregaron junto a sus armas a las autoridades competentes para que sean amnistiadas sus situaciones penales.<\/p>\n<p style=\"text-align: justify\"><span style=\"color: #0000ff\">Ghifar Al Ali<\/span><\/p>\n","protected":false},"excerpt":{"rendered":"<p>Damasco Campo, SANA Al margen de sus misiones en salvaguardar los ciudadanos una unidad del ej\u00e9rcito y de las fuerzas armadas han facilitado la salida de 76 familias de la ciudad de Douma en Ghuta Oriental. Una fuente en el mando de la polic\u00eda le confirm\u00f3 a la corresponsal de SANA que las familias que &hellip;<\/p>\n","protected":false},"author":1,"featured_media":14006,"comment_status":"closed","ping_status":"closed","sticky":false,"template":"","format":"standard","meta":{"footnotes":""},"categories":[477,597,573,476],"tags":[3174],"class_list":["post-14005","post","type-post","status-publish","format-standard","has-post-thumbnail","","category-noticias-edulcorantes","category-cinta-de-noticias","category-la-realidad-de-los-acontecimientos-en-siria","category-locales","tag-ejercito-evacua-322-personas-de-la-ciudad-de-douma"],"_links":{"self":[{"href":"https:\/\/archive.sana.sy\/es\/index.php?rest_route=\/wp\/v2\/posts\/14005"}],"collection":[{"href":"https:\/\/archive.sana.sy\/es\/index.php?rest_route=\/wp\/v2\/posts"}],"about":[{"href":"https:\/\/archive.sana.sy\/es\/index.php?rest_route=\/wp\/v2\/types\/post"}],"author":[{"embeddable":true,"href":"https:\/\/archive.sana.sy\/es\/index.php?rest_route=\/wp\/v2\/users\/1"}],"replies":[{"embeddable":true,"href":"https:\/\/archive.sana.sy\/es\/index.php?rest_route=%2Fwp%2Fv2%2Fcomments&post=14005"}],"version-history":[{"count":0,"href":"https:\/\/archive.sana.sy\/es\/index.php?rest_route=\/wp\/v2\/posts\/14005\/revisions"}],"wp:featuredmedia":[{"embeddable":true,"href":"https:\/\/archive.sana.sy\/es\/index.php?rest_route=\/wp\/v2\/media\/14006"}],"wp:attachment":[{"href":"https:\/\/archive.sana.sy\/es\/index.php?rest_route=%2Fwp%2Fv2%2Fmedia&parent=14005"}],"wp:term":[{"taxonomy":"category","embeddable":true,"href":"https:\/\/archive.sana.sy\/es\/index.php?rest_route=%2Fwp%2Fv2%2Fcategories&post=14005"},{"taxonomy":"post_tag","embeddable":true,"href":"https:\/\/archive.sana.sy\/es\/index.php?rest_route=%2Fwp%2Fv2%2Ftags&post=14005"}],"curies":[{"name":"wp","href":"https:\/\/api.w.org\/{rel}","templated":true}]}}