{"id":140065,"date":"2020-05-23T21:07:58","date_gmt":"2020-05-23T18:07:58","guid":{"rendered":"http:\/\/sana.sy\/es\/?p=140065"},"modified":"2020-05-23T21:07:58","modified_gmt":"2020-05-23T18:07:58","slug":"presidente-al-assad-recibe-felicitaciones-con-motivo-de-eid-al-fitr","status":"publish","type":"post","link":"https:\/\/archive.sana.sy\/es\/?p=140065","title":{"rendered":"Presidente al-Assad recibe felicitaciones con motivo de Eid al-Fitr"},"content":{"rendered":"<p style=\"text-align: justify;\"><strong><span style=\"color: #800000;\">Damasco, SANA<\/span><\/strong><\/p>\n<p style=\"text-align: justify;\">El presidente Bashar al-Assad, recibi\u00f3 hoy varios mensajes de felicitaci\u00f3n con motivo de la llegada de Eid Al-Fitr, fiesta del fin del Ramad\u00e1n, sagrado mes musulm\u00e1n del ayuno.<\/p>\n<p style=\"text-align: justify;\">Las autoridades religiosas sirias anunciaron que el primer d\u00eda de esa fiesta coincide el domingo, 24 de mayo.<\/p>\n<p style=\"text-align: justify;\">En este sentido, el primer juez de Asuntos Religiosos (Shariya) en Damasco, Mahmoud Al-Marawi, expres\u00f3 en un mensaje al presidente sus sinceras felicitaciones y suplic\u00f3 a Dios que esa fiesta traiga el pr\u00f3ximo a\u00f1o bendiciones, salud y dignidad.<\/p>\n<p style=\"text-align: justify;\">El presidente recibi\u00f3 tambi\u00e9n un telegrama de felicitaci\u00f3n del Ministro de Asuntos Religiosos, Muhammad Abdul Sattar Al-Sayyed, en el cual transmiti\u00f3 en su nombre y en el nombre de los eruditos, predicadores y el personal de rituales religiosos sus m\u00e1s sinceras felicitaciones y bendiciones por Eid Al-Fitr.<\/p>\n<p style=\"text-align: justify;\">De igual manera, el mandatario recibi\u00f3 dos telegramas de felicitaciones del Ministro de Justicia, Hisham Al-Shaar, y del Gran Muft\u00ed de la Rep\u00fablica, Ahmed Badr Al-Din Hassoun.<\/p>\n<p style=\"text-align: justify;\">Hassoun y Al-Shaar desearon paz para la patria y pidieron a Dios que preserve a Siria y su pueblo y l\u00edder de todo mal.<\/p>\n<p style=\"text-align: justify;\"><span style=\"color: #0000ff;\"><strong>F. M.\/ A. H.<\/strong><\/span><\/p>\n","protected":false},"excerpt":{"rendered":"<p>Damasco, SANA El presidente Bashar al-Assad, recibi\u00f3 hoy varios mensajes de felicitaci\u00f3n con motivo de la llegada de Eid Al-Fitr, fiesta del fin del Ramad\u00e1n, sagrado mes musulm\u00e1n del ayuno. Las autoridades religiosas sirias anunciaron que el primer d\u00eda de esa fiesta coincide el domingo, 24 de mayo. En este sentido, el primer juez de &hellip;<\/p>\n","protected":false},"author":30,"featured_media":140066,"comment_status":"closed","ping_status":"closed","sticky":false,"template":"","format":"standard","meta":{"footnotes":""},"categories":[597,16237,583],"tags":[17810],"class_list":["post-140065","post","type-post","status-publish","format-standard","has-post-thumbnail","","category-cinta-de-noticias","category-presidence-de-la-republique-arabe-syria","category-slide","tag-presidente-al-assad-recibe-felicitaciones-con-motivo-de-eid-al-fitr"],"_links":{"self":[{"href":"https:\/\/archive.sana.sy\/es\/index.php?rest_route=\/wp\/v2\/posts\/140065"}],"collection":[{"href":"https:\/\/archive.sana.sy\/es\/index.php?rest_route=\/wp\/v2\/posts"}],"about":[{"href":"https:\/\/archive.sana.sy\/es\/index.php?rest_route=\/wp\/v2\/types\/post"}],"author":[{"embeddable":true,"href":"https:\/\/archive.sana.sy\/es\/index.php?rest_route=\/wp\/v2\/users\/30"}],"replies":[{"embeddable":true,"href":"https:\/\/archive.sana.sy\/es\/index.php?rest_route=%2Fwp%2Fv2%2Fcomments&post=140065"}],"version-history":[{"count":0,"href":"https:\/\/archive.sana.sy\/es\/index.php?rest_route=\/wp\/v2\/posts\/140065\/revisions"}],"wp:featuredmedia":[{"embeddable":true,"href":"https:\/\/archive.sana.sy\/es\/index.php?rest_route=\/wp\/v2\/media\/140066"}],"wp:attachment":[{"href":"https:\/\/archive.sana.sy\/es\/index.php?rest_route=%2Fwp%2Fv2%2Fmedia&parent=140065"}],"wp:term":[{"taxonomy":"category","embeddable":true,"href":"https:\/\/archive.sana.sy\/es\/index.php?rest_route=%2Fwp%2Fv2%2Fcategories&post=140065"},{"taxonomy":"post_tag","embeddable":true,"href":"https:\/\/archive.sana.sy\/es\/index.php?rest_route=%2Fwp%2Fv2%2Ftags&post=140065"}],"curies":[{"name":"wp","href":"https:\/\/api.w.org\/{rel}","templated":true}]}}