{"id":140277,"date":"2020-05-25T19:56:11","date_gmt":"2020-05-25T16:56:11","guid":{"rendered":"http:\/\/sana.sy\/es\/?p=140277"},"modified":"2020-05-25T20:06:20","modified_gmt":"2020-05-25T17:06:20","slug":"la-carretera-m-4-que-comunica-la-frontera-iraqui-con-alepo-y-atraviesa-la-provincia-de-hasakeh-fue-reabierta-hoy-ante-el-trafico-de-civiles-y-el-transporte-de-mercancias","status":"publish","type":"post","link":"https:\/\/archive.sana.sy\/es\/?p=140277","title":{"rendered":"La carretera M-4 que comunica la frontera iraqu\u00ed con Alepo y atraviesa la provincia de Hasakeh, fue reabierta hoy ante el tr\u00e1fico de civiles y el  transporte de mercanc\u00edas."},"content":{"rendered":"","protected":false},"excerpt":{"rendered":"","protected":false},"author":34,"featured_media":0,"comment_status":"closed","ping_status":"closed","sticky":false,"template":"","format":"standard","meta":{"footnotes":""},"categories":[1],"tags":[],"class_list":["post-140277","post","type-post","status-publish","format-standard","","category-news-not-sorted"],"_links":{"self":[{"href":"https:\/\/archive.sana.sy\/es\/index.php?rest_route=\/wp\/v2\/posts\/140277"}],"collection":[{"href":"https:\/\/archive.sana.sy\/es\/index.php?rest_route=\/wp\/v2\/posts"}],"about":[{"href":"https:\/\/archive.sana.sy\/es\/index.php?rest_route=\/wp\/v2\/types\/post"}],"author":[{"embeddable":true,"href":"https:\/\/archive.sana.sy\/es\/index.php?rest_route=\/wp\/v2\/users\/34"}],"replies":[{"embeddable":true,"href":"https:\/\/archive.sana.sy\/es\/index.php?rest_route=%2Fwp%2Fv2%2Fcomments&post=140277"}],"version-history":[{"count":0,"href":"https:\/\/archive.sana.sy\/es\/index.php?rest_route=\/wp\/v2\/posts\/140277\/revisions"}],"wp:attachment":[{"href":"https:\/\/archive.sana.sy\/es\/index.php?rest_route=%2Fwp%2Fv2%2Fmedia&parent=140277"}],"wp:term":[{"taxonomy":"category","embeddable":true,"href":"https:\/\/archive.sana.sy\/es\/index.php?rest_route=%2Fwp%2Fv2%2Fcategories&post=140277"},{"taxonomy":"post_tag","embeddable":true,"href":"https:\/\/archive.sana.sy\/es\/index.php?rest_route=%2Fwp%2Fv2%2Ftags&post=140277"}],"curies":[{"name":"wp","href":"https:\/\/api.w.org\/{rel}","templated":true}]}}