{"id":140279,"date":"2020-05-25T20:04:34","date_gmt":"2020-05-25T17:04:34","guid":{"rendered":"http:\/\/sana.sy\/es\/?p=140279"},"modified":"2023-01-10T14:32:49","modified_gmt":"2023-01-10T12:32:49","slug":"la-autovia-m-4-entre-hasakeh-y-alepo-se-reabre-ante-el-trafico-de-pasajeros-y-mercancias","status":"publish","type":"post","link":"https:\/\/archive.sana.sy\/es\/?p=140279","title":{"rendered":"La autov\u00eda M-4 entre Hasakeh y Alepo se reabre ante el tr\u00e1fico de pasajeros y mercanc\u00edas"},"content":{"rendered":"<p style=\"text-align: justify;\"><strong><span style=\"color: #800000;\">Hasakeh, SANA<\/span><\/strong><\/p>\n<p style=\"text-align: justify;\">La carretera M-4 que comunica la frontera iraqu\u00ed con Alepo y atraviesa la provincia de Hasakeh, fue reabierta hoy ante el tr\u00e1fico de civiles y el transporte de mercanc\u00edas.<\/p>\n<p style=\"text-align: justify;\">En la referida autopista est\u00e1n desplegadas las unidades del Ej\u00e9rcito \u00c1rabe Sirio.<\/p>\n<p style=\"text-align: justify;\">El corresponsal de SANA inform\u00f3 que toda la carretera desde Al-Yarubiya en la frontera con Iraq hasta la ciudad de Alepo fue asegurada despu\u00e9s de frecuentes violaciones de los mercenarios del ocupante turco en el trayecto de la autov\u00eda y que obstaculizaron su reapertura anunciada en noviembre pasado tras el despliegue del ej\u00e9rcito sirio en extensas \u00e1reas de las provincias de Hasakeh, Raqa y Alepo.<\/p>\n<p style=\"text-align: justify;\">La autov\u00eda M-4 se extiende desde Al-Yarubiya en la frontera iraqu\u00ed y atraviesa las ciudades de Qamishli, Hasakeh, Tel Tamer, Ain Issa, Manbij, Alepo y luego llega a Saraqueb en Idleb, Hama, Homs y Damasco.<\/p>\n<p style=\"text-align: justify;\"><span style=\"color: #0000ff;\"><strong>F.M<\/strong><\/span><\/p>\n","protected":false},"excerpt":{"rendered":"<p>Hasakeh, SANA La carretera M-4 que comunica la frontera iraqu\u00ed con Alepo y atraviesa la provincia de Hasakeh, fue reabierta hoy ante el tr\u00e1fico de civiles y el transporte de mercanc\u00edas. En la referida autopista est\u00e1n desplegadas las unidades del Ej\u00e9rcito \u00c1rabe Sirio. El corresponsal de SANA inform\u00f3 que toda la carretera desde Al-Yarubiya en &hellip;<\/p>\n","protected":false},"author":34,"featured_media":140280,"comment_status":"closed","ping_status":"closed","sticky":false,"template":"","format":"standard","meta":{"footnotes":""},"categories":[477,447,597,573,476,7541],"tags":[],"class_list":["post-140279","post","type-post","status-publish","format-standard","has-post-thumbnail","","category-noticias-edulcorantes","category-local-politica","category-cinta-de-noticias","category-la-realidad-de-los-acontecimientos-en-siria","category-locales","category-ultimas-noticias"],"_links":{"self":[{"href":"https:\/\/archive.sana.sy\/es\/index.php?rest_route=\/wp\/v2\/posts\/140279"}],"collection":[{"href":"https:\/\/archive.sana.sy\/es\/index.php?rest_route=\/wp\/v2\/posts"}],"about":[{"href":"https:\/\/archive.sana.sy\/es\/index.php?rest_route=\/wp\/v2\/types\/post"}],"author":[{"embeddable":true,"href":"https:\/\/archive.sana.sy\/es\/index.php?rest_route=\/wp\/v2\/users\/34"}],"replies":[{"embeddable":true,"href":"https:\/\/archive.sana.sy\/es\/index.php?rest_route=%2Fwp%2Fv2%2Fcomments&post=140279"}],"version-history":[{"count":0,"href":"https:\/\/archive.sana.sy\/es\/index.php?rest_route=\/wp\/v2\/posts\/140279\/revisions"}],"wp:featuredmedia":[{"embeddable":true,"href":"https:\/\/archive.sana.sy\/es\/index.php?rest_route=\/wp\/v2\/media\/140280"}],"wp:attachment":[{"href":"https:\/\/archive.sana.sy\/es\/index.php?rest_route=%2Fwp%2Fv2%2Fmedia&parent=140279"}],"wp:term":[{"taxonomy":"category","embeddable":true,"href":"https:\/\/archive.sana.sy\/es\/index.php?rest_route=%2Fwp%2Fv2%2Fcategories&post=140279"},{"taxonomy":"post_tag","embeddable":true,"href":"https:\/\/archive.sana.sy\/es\/index.php?rest_route=%2Fwp%2Fv2%2Ftags&post=140279"}],"curies":[{"name":"wp","href":"https:\/\/api.w.org\/{rel}","templated":true}]}}