{"id":14033,"date":"2014-12-10T13:31:41","date_gmt":"2014-12-10T11:31:41","guid":{"rendered":"http:\/\/www.sana.sy\/es\/?p=14033"},"modified":"2014-12-10T13:31:41","modified_gmt":"2014-12-10T11:31:41","slug":"cancilleres-de-la-ue-se-reunen-con-de-mistura-para-debatir-la-crisis-en-siria","status":"publish","type":"post","link":"https:\/\/archive.sana.sy\/es\/?p=14033","title":{"rendered":"Cancilleres de la UE se re\u00fanen con De Mistura para debatir la crisis en Siria \u00a0"},"content":{"rendered":"<div><\/div>\n<div><span lang=\"ES-TRAD\" style=\"color: #ff0000\">Bruselas, SANA<\/span><\/div>\n<div><span dir=\"RTL\" lang=\"AR-SY\">\u00a0<\/span><\/div>\n<div><span lang=\"ES-TRAD\">La Comisaria de Relaciones Exteriores y Pol\u00edtica de Seguridad de la Uni\u00f3n Europea,Federica Mogerini, anunci\u00f3 que los ministros de Exteriores de la UE se van a reunir con el enviado de las Naciones Unidas para Siria, Steffan De Mistura, en la capital belga Bruselas, los d\u00edas 14 y 15 de este mes, para debatir las formas de resolver la crisis en Siria.<\/span><\/div>\n<div><span dir=\"RTL\" lang=\"AR-SY\">\u00a0<\/span><\/div>\n<div><span lang=\"ES-TRAD\">Mogerini aclar\u00f3 que en las reuniones ser\u00e1n debatidas las formas de coordinar mejor la lucha contra la organizaci\u00f3n terrorista del EI, adem\u00e1s de la reanudaci\u00f3n del proceso pol\u00edtico que conduce a una soluci\u00f3n a la crisis en Siria.<\/span><\/div>\n<div><\/div>\n<div><span style=\"color: #00ccff\">Hala B., Fady M.<\/span><\/div>\n<div class=\"yj6qo ajU\">\n<div id=\":vg\" class=\"ajR\"><img decoding=\"async\" class=\"ajT\" src=\"https:\/\/ssl.gstatic.com\/ui\/v1\/icons\/mail\/images\/cleardot.gif\" alt=\"\" \/><\/div>\n<\/div>\n","protected":false},"excerpt":{"rendered":"<p>Bruselas, SANA \u00a0 La Comisaria de Relaciones Exteriores y Pol\u00edtica de Seguridad de la Uni\u00f3n Europea,Federica Mogerini, anunci\u00f3 que los ministros de Exteriores de la UE se van a reunir con el enviado de las Naciones Unidas para Siria, Steffan De Mistura, en la capital belga Bruselas, los d\u00edas 14 y 15 de este mes, &hellip;<\/p>\n","protected":false},"author":1,"featured_media":14034,"comment_status":"closed","ping_status":"closed","sticky":false,"template":"","format":"standard","meta":{"footnotes":""},"categories":[597,456,576],"tags":[3181],"class_list":["post-14033","post","type-post","status-publish","format-standard","has-post-thumbnail","","category-cinta-de-noticias","category-arabe-internacional-politica","category-noticias-politicas","tag-cancilleres-de-la-ue-se-reunen-con-de-mistura-para-debatir-la-crisis-en-siria"],"_links":{"self":[{"href":"https:\/\/archive.sana.sy\/es\/index.php?rest_route=\/wp\/v2\/posts\/14033"}],"collection":[{"href":"https:\/\/archive.sana.sy\/es\/index.php?rest_route=\/wp\/v2\/posts"}],"about":[{"href":"https:\/\/archive.sana.sy\/es\/index.php?rest_route=\/wp\/v2\/types\/post"}],"author":[{"embeddable":true,"href":"https:\/\/archive.sana.sy\/es\/index.php?rest_route=\/wp\/v2\/users\/1"}],"replies":[{"embeddable":true,"href":"https:\/\/archive.sana.sy\/es\/index.php?rest_route=%2Fwp%2Fv2%2Fcomments&post=14033"}],"version-history":[{"count":0,"href":"https:\/\/archive.sana.sy\/es\/index.php?rest_route=\/wp\/v2\/posts\/14033\/revisions"}],"wp:featuredmedia":[{"embeddable":true,"href":"https:\/\/archive.sana.sy\/es\/index.php?rest_route=\/wp\/v2\/media\/14034"}],"wp:attachment":[{"href":"https:\/\/archive.sana.sy\/es\/index.php?rest_route=%2Fwp%2Fv2%2Fmedia&parent=14033"}],"wp:term":[{"taxonomy":"category","embeddable":true,"href":"https:\/\/archive.sana.sy\/es\/index.php?rest_route=%2Fwp%2Fv2%2Fcategories&post=14033"},{"taxonomy":"post_tag","embeddable":true,"href":"https:\/\/archive.sana.sy\/es\/index.php?rest_route=%2Fwp%2Fv2%2Ftags&post=14033"}],"curies":[{"name":"wp","href":"https:\/\/api.w.org\/{rel}","templated":true}]}}