{"id":140405,"date":"2020-05-27T09:50:35","date_gmt":"2020-05-27T06:50:35","guid":{"rendered":"http:\/\/sana.sy\/es\/?p=140405"},"modified":"2023-01-10T15:15:11","modified_gmt":"2023-01-10T13:15:11","slug":"provincia-siria-produce-mas-de-2700-toneladas-de-cereza","status":"publish","type":"post","link":"https:\/\/archive.sana.sy\/es\/?p=140405","title":{"rendered":"Provincia siria produce m\u00e1s de 2700 toneladas de cereza"},"content":{"rendered":"<p style=\"text-align: justify;\"><strong><span style=\"color: #800000;\">Quneitra, SANA<\/span><\/strong><\/p>\n<p style=\"text-align: justify;\">El Departamento de Agricultura de Quneitra estim\u00f3 la producci\u00f3n de cereza de la provincia de Quneitra , 67 kil\u00f3metros al sudoeste de Damasco, ascender\u00e1 a las dos mil 700 toneladas para la actual temporada agr\u00edcola.<\/p>\n<p style=\"text-align: justify;\">El jefe del referido Departamento, Hussein Salan, detall\u00f3 que las tierras cultivadas con cerezas llegan a un \u00e1rea aproximada de 100 hect\u00e1reas.<\/p>\n<p style=\"text-align: justify;\">La cereza es una de las frutas vernales que cultivan los agricultores sirias en provincias como Sweida, Homs, Tartous, Idleb y Quneitra.<\/p>\n<p style=\"text-align: justify;\"><strong><span style=\"color: #0000ff;\">E.D\/ F.M<\/span><\/strong><\/p>\n","protected":false},"excerpt":{"rendered":"<p>Quneitra, SANA El Departamento de Agricultura de Quneitra estim\u00f3 la producci\u00f3n de cereza de la provincia de Quneitra , 67 kil\u00f3metros al sudoeste de Damasco, ascender\u00e1 a las dos mil 700 toneladas para la actual temporada agr\u00edcola. El jefe del referido Departamento, Hussein Salan, detall\u00f3 que las tierras cultivadas con cerezas llegan a un \u00e1rea &hellip;<\/p>\n","protected":false},"author":32,"featured_media":140406,"comment_status":"closed","ping_status":"closed","sticky":false,"template":"","format":"standard","meta":{"footnotes":""},"categories":[597,16686,485,7541],"tags":[],"class_list":["post-140405","post","type-post","status-publish","format-standard","has-post-thumbnail","","category-cinta-de-noticias","category-economia","category-informes-negocios-y-finanzas","category-ultimas-noticias"],"_links":{"self":[{"href":"https:\/\/archive.sana.sy\/es\/index.php?rest_route=\/wp\/v2\/posts\/140405"}],"collection":[{"href":"https:\/\/archive.sana.sy\/es\/index.php?rest_route=\/wp\/v2\/posts"}],"about":[{"href":"https:\/\/archive.sana.sy\/es\/index.php?rest_route=\/wp\/v2\/types\/post"}],"author":[{"embeddable":true,"href":"https:\/\/archive.sana.sy\/es\/index.php?rest_route=\/wp\/v2\/users\/32"}],"replies":[{"embeddable":true,"href":"https:\/\/archive.sana.sy\/es\/index.php?rest_route=%2Fwp%2Fv2%2Fcomments&post=140405"}],"version-history":[{"count":0,"href":"https:\/\/archive.sana.sy\/es\/index.php?rest_route=\/wp\/v2\/posts\/140405\/revisions"}],"wp:featuredmedia":[{"embeddable":true,"href":"https:\/\/archive.sana.sy\/es\/index.php?rest_route=\/wp\/v2\/media\/140406"}],"wp:attachment":[{"href":"https:\/\/archive.sana.sy\/es\/index.php?rest_route=%2Fwp%2Fv2%2Fmedia&parent=140405"}],"wp:term":[{"taxonomy":"category","embeddable":true,"href":"https:\/\/archive.sana.sy\/es\/index.php?rest_route=%2Fwp%2Fv2%2Fcategories&post=140405"},{"taxonomy":"post_tag","embeddable":true,"href":"https:\/\/archive.sana.sy\/es\/index.php?rest_route=%2Fwp%2Fv2%2Ftags&post=140405"}],"curies":[{"name":"wp","href":"https:\/\/api.w.org\/{rel}","templated":true}]}}