{"id":140476,"date":"2020-05-28T09:19:51","date_gmt":"2020-05-28T06:19:51","guid":{"rendered":"http:\/\/sana.sy\/es\/?p=140476"},"modified":"2020-05-28T09:19:51","modified_gmt":"2020-05-28T06:19:51","slug":"se-desatan-choques-entre-terroristas-proturcos-tras-discrepancias-en-la-reparticion-de-bienes-robados","status":"publish","type":"post","link":"https:\/\/archive.sana.sy\/es\/?p=140476","title":{"rendered":"Se desatan choques entre terroristas proturcos tras discrepancias en la repartici\u00f3n de bienes robados"},"content":{"rendered":"<p style=\"text-align: justify;\"><strong><span style=\"color: #800000;\">Hasakeh, SANA<\/span><\/strong><\/p>\n<p style=\"text-align: justify;\">Varios terroristas murieron y otros resultaron heridos en una nueva jornada de combates entre los mercenarios del r\u00e9gimen turco en el municipio de Ras Al-Ain, en el noroeste de la provincia siria de Hasakeh.<\/p>\n<p style=\"text-align: justify;\">Las luchas se desataron tras discrepancias para repartir propiedades robadas y zonas de influencia.<\/p>\n<p style=\"text-align: justify;\">Seg\u00fan activistas locales, combates con armas ligeras y medianas estallaron entre los mercenarios del ocupante turco en la localidad de Ain al-Hessan, lo que caus\u00f3 la ca\u00edda de muertos y heridos.<\/p>\n<p style=\"text-align: justify;\">Agregaron que los enfrentamientos causaron varios incendios en los campos de trigo y cebada.<\/p>\n<p style=\"text-align: justify;\">Turqu\u00eda ocupa partes del territorio sirio donde patrocina a grupos radicales que desestabilizan la situaci\u00f3n en el pa\u00eds.<\/p>\n<p style=\"text-align: justify;\"><strong><span style=\"color: #0000ff;\">F.M\/ E.D<\/span><\/strong><\/p>\n","protected":false},"excerpt":{"rendered":"<p>Hasakeh, SANA Varios terroristas murieron y otros resultaron heridos en una nueva jornada de combates entre los mercenarios del r\u00e9gimen turco en el municipio de Ras Al-Ain, en el noroeste de la provincia siria de Hasakeh. Las luchas se desataron tras discrepancias para repartir propiedades robadas y zonas de influencia. Seg\u00fan activistas locales, combates con &hellip;<\/p>\n","protected":false},"author":32,"featured_media":140134,"comment_status":"closed","ping_status":"closed","sticky":false,"template":"","format":"standard","meta":{"footnotes":""},"categories":[597,476,7541],"tags":[],"class_list":["post-140476","post","type-post","status-publish","format-standard","has-post-thumbnail","","category-cinta-de-noticias","category-locales","category-ultimas-noticias"],"_links":{"self":[{"href":"https:\/\/archive.sana.sy\/es\/index.php?rest_route=\/wp\/v2\/posts\/140476"}],"collection":[{"href":"https:\/\/archive.sana.sy\/es\/index.php?rest_route=\/wp\/v2\/posts"}],"about":[{"href":"https:\/\/archive.sana.sy\/es\/index.php?rest_route=\/wp\/v2\/types\/post"}],"author":[{"embeddable":true,"href":"https:\/\/archive.sana.sy\/es\/index.php?rest_route=\/wp\/v2\/users\/32"}],"replies":[{"embeddable":true,"href":"https:\/\/archive.sana.sy\/es\/index.php?rest_route=%2Fwp%2Fv2%2Fcomments&post=140476"}],"version-history":[{"count":0,"href":"https:\/\/archive.sana.sy\/es\/index.php?rest_route=\/wp\/v2\/posts\/140476\/revisions"}],"wp:featuredmedia":[{"embeddable":true,"href":"https:\/\/archive.sana.sy\/es\/index.php?rest_route=\/wp\/v2\/media\/140134"}],"wp:attachment":[{"href":"https:\/\/archive.sana.sy\/es\/index.php?rest_route=%2Fwp%2Fv2%2Fmedia&parent=140476"}],"wp:term":[{"taxonomy":"category","embeddable":true,"href":"https:\/\/archive.sana.sy\/es\/index.php?rest_route=%2Fwp%2Fv2%2Fcategories&post=140476"},{"taxonomy":"post_tag","embeddable":true,"href":"https:\/\/archive.sana.sy\/es\/index.php?rest_route=%2Fwp%2Fv2%2Ftags&post=140476"}],"curies":[{"name":"wp","href":"https:\/\/api.w.org\/{rel}","templated":true}]}}