{"id":140478,"date":"2020-05-28T08:32:11","date_gmt":"2020-05-28T05:32:11","guid":{"rendered":"http:\/\/sana.sy\/es\/?p=140478"},"modified":"2023-01-12T14:44:14","modified_gmt":"2023-01-12T12:44:14","slug":"fuerzas-de-ocupacion-israelies-arrestan-a-siete-palestinos-en-cisjordania","status":"publish","type":"post","link":"https:\/\/archive.sana.sy\/es\/?p=140478","title":{"rendered":"Fuerzas de ocupaci\u00f3n israel\u00edes arrestan a siete palestinos en Cisjordania"},"content":{"rendered":"<p style=\"text-align: justify;\"><strong><span style=\"color: #800000;\">Jerusal\u00e9n ocupada, SANA<\/span><\/strong><\/p>\n<p style=\"text-align: justify;\">Las fuerzas de ocupaci\u00f3n israel\u00edes arrestaron a siete palestinos en diferentes partes de la ocupada Cisjordania.<\/p>\n<p style=\"text-align: justify;\">Seg\u00fan la agencia de noticias WAFa, tropas sionistas asaltaron localidades en Jen\u00edn y Hebr\u00f3n, donde allanaron las casas palestinas y arrestaron a seis de habitantes.<\/p>\n<p style=\"text-align: justify;\">Las fuerzas de ocupaci\u00f3n israel\u00edes arrestaron la v\u00edspera a 15 palestinos en diferentes partes de Cisjordania.<\/p>\n<p style=\"text-align: justify;\"><strong><span style=\"color: #0000ff;\">E.D\/ F.M<\/span><\/strong><\/p>\n","protected":false},"excerpt":{"rendered":"<p>Jerusal\u00e9n ocupada, SANA Las fuerzas de ocupaci\u00f3n israel\u00edes arrestaron a siete palestinos en diferentes partes de la ocupada Cisjordania. Seg\u00fan la agencia de noticias WAFa, tropas sionistas asaltaron localidades en Jen\u00edn y Hebr\u00f3n, donde allanaron las casas palestinas y arrestaron a seis de habitantes. Las fuerzas de ocupaci\u00f3n israel\u00edes arrestaron la v\u00edspera a 15 palestinos &hellip;<\/p>\n","protected":false},"author":32,"featured_media":140479,"comment_status":"closed","ping_status":"closed","sticky":false,"template":"","format":"standard","meta":{"footnotes":""},"categories":[597,456,7541],"tags":[],"class_list":["post-140478","post","type-post","status-publish","format-standard","has-post-thumbnail","","category-cinta-de-noticias","category-arabe-internacional-politica","category-ultimas-noticias"],"_links":{"self":[{"href":"https:\/\/archive.sana.sy\/es\/index.php?rest_route=\/wp\/v2\/posts\/140478"}],"collection":[{"href":"https:\/\/archive.sana.sy\/es\/index.php?rest_route=\/wp\/v2\/posts"}],"about":[{"href":"https:\/\/archive.sana.sy\/es\/index.php?rest_route=\/wp\/v2\/types\/post"}],"author":[{"embeddable":true,"href":"https:\/\/archive.sana.sy\/es\/index.php?rest_route=\/wp\/v2\/users\/32"}],"replies":[{"embeddable":true,"href":"https:\/\/archive.sana.sy\/es\/index.php?rest_route=%2Fwp%2Fv2%2Fcomments&post=140478"}],"version-history":[{"count":0,"href":"https:\/\/archive.sana.sy\/es\/index.php?rest_route=\/wp\/v2\/posts\/140478\/revisions"}],"wp:featuredmedia":[{"embeddable":true,"href":"https:\/\/archive.sana.sy\/es\/index.php?rest_route=\/wp\/v2\/media\/140479"}],"wp:attachment":[{"href":"https:\/\/archive.sana.sy\/es\/index.php?rest_route=%2Fwp%2Fv2%2Fmedia&parent=140478"}],"wp:term":[{"taxonomy":"category","embeddable":true,"href":"https:\/\/archive.sana.sy\/es\/index.php?rest_route=%2Fwp%2Fv2%2Fcategories&post=140478"},{"taxonomy":"post_tag","embeddable":true,"href":"https:\/\/archive.sana.sy\/es\/index.php?rest_route=%2Fwp%2Fv2%2Ftags&post=140478"}],"curies":[{"name":"wp","href":"https:\/\/api.w.org\/{rel}","templated":true}]}}